{"id":153017,"date":"2025-01-08T05:12:29","date_gmt":"2025-01-08T08:12:29","guid":{"rendered":"http:\/\/argentinamunicipal.com.ar\/argentina\/?p=153017"},"modified":"2025-01-07T20:14:16","modified_gmt":"2025-01-07T23:14:16","slug":"la-exesma-en-peligro","status":"publish","type":"post","link":"http:\/\/argentinamunicipal.com.ar\/argentina\/la-exesma-en-peligro\/","title":{"rendered":"La exESMA en peligro"},"content":{"rendered":"<p>El gobierno tuvo que esperar que la sociedad se enfocara en las fiestas de fin de a\u00f1o para empezar a desmantelar la exESMA. Pero est\u00e1 demostrado que las mayor\u00edas defienden los derechos humanos.<\/p>\n<p>Mientras una lluvia de cenizas del incendio en el Parque Nacional Nahuel Huapi ca\u00eda sobre la ciudad de Bariloche, el gobierno desped\u00eda a otros 30 empleados de Parques Nacionales, que se sumaban a los 100 despedidos en el a\u00f1o. Es la met\u00e1fora de un pa\u00eds que se incendia y un gobierno que para ahorrar despide bomberos. En el pa\u00eds que sufri\u00f3 una era de dictaduras militares que lo arrasaron y ensangrentaron, el a\u00f1o termin\u00f3 con miles de despidos en la Secretar\u00eda de Derechos Humanos cuya finalidad es evitar el retorno a esa \u00e9poca nefasta.<\/p>\n<p>Una joya de la naturaleza, como el Nahuel Huapi, ha perdido en los \u00faltimos d\u00edas del a\u00f1o dos mil hect\u00e1reas de hermosos bosques a causa de un incendio provocado por tormentas el\u00e9ctricas que no tienen antecedentes en la zona. Pero este gobierno no cree en el cambio clim\u00e1tico.<\/p>\n<p>Las largas sequ\u00edas en tierras f\u00e9rtiles, las grandes inundaciones en los desiertos, las furiosas tormentas, los calores excesivos y los bajo cero anormales que arruinan cultivos y destruyen ciudades no existen para este gobierno que se opone a cualquier regulaci\u00f3n para el cuidado del medio ambiente. Seg\u00fan los libertarios, el cuidado del medio ambiente restringe la libertad de las empresas que quieren arruinarlo.<\/p>\n<p>Tres d\u00cdas antes de Navidad, los empleados de dependencias de la Secretar\u00eda de Derechos Humanos que funcionan en la exESMA hab\u00edan recibido el aviso de que ser\u00edan despedidos. Se convoc\u00f3 a un acto para el viernes 27. En medio de las fiestas de fin de a\u00f1o, casi no hubo tiempo para difundirlo y convocar a movimientos y partidos.<\/p>\n<p>Fue un acto sin tiempo de convocatoria y en un contexto desfavorable y sin embargo asistieron miles de personas que se concentraron frente a la ESMA, por lo que fue tambi\u00e9n una advertencia para el gobierno, o un s\u00edntoma de que se trata de un tema sensible para gran parte de la sociedad.<\/p>\n<p>La Comisi\u00f3n Provincial de la Memoria denunci\u00f3 la presencia de agentes de civil y de uniforme que tomaban fotograf\u00edas y videos del acto en una pr\u00e1ctica que implic\u00f3 espionaje interno por razones pol\u00edticas. El gobierno no cree en los derechos humanos. La desaparici\u00f3n de Santiago Maldonado en el contexto de una salvaje represi\u00f3n a un grupo mapuche y la aparici\u00f3n de su cad\u00e1ver dos meses despu\u00e9s en una zona que hab\u00eda sido intensamente revisada, as\u00ed como el crimen de Rafael Nahuel en una represi\u00f3n similar, dan cuenta del pensamiento de la ministra de Seguridad, Patricia Bullrich.<\/p>\n<p>A un gobierno que reprime la protesta, le molestan los derechos humanos.\u00a0Un pa\u00eds que en m\u00e1s de 200 a\u00f1os apenas ha logrado esta etapa de 40 a\u00f1os ininterrumpidos de democracia, reci\u00e9n est\u00e1 aprendiendo a ser democr\u00e1tico.\u00a0No puede haber democracia sin derechos humanos.<\/p>\n<p>El gobierno no se atrevi\u00f3 a expresar abiertamente sus intenciones. Hay sitios de la memoria que tuvieron que cerrar por falta de personal. Los despidos tienden a desmantelar a la Secretar\u00eda. El secretario Alberto Ba\u00f1os, alguien desconocido en el mundo de los activistas en derechos humanos, fue turbio: habl\u00f3 de \u201creestructuraci\u00f3n\u201d.<\/p>\n<p>Javier Milei considera a los derechos humanos como parte de la ideolog\u00eda \u201cwoke\u201d, un t\u00e9rmino ingl\u00e9s que surgi\u00f3 para calificar a las personas conscientes de los derechos de los afroamericanos y que la derecha resignific\u00f3 para darle un tono despreciativo.\u00a0Milei se lo rob\u00f3 a su \u00eddolo, el millonario sudafricano\u00a0Elon Musk, quien lo us\u00f3 enfurecido por el cambio de sexo de uno de sus hijos a quien deshered\u00f3 y dio por muerto.<\/p>\n<p>El feminismo tambi\u00e9n entra en esa categor\u00eda junto con el cambio clim\u00e1tico y otras reivindicaciones. El t\u00e9rmino descalifica a los discursos de reconocimiento y defensa de derechos. El gancho para resignificarlo con ese tono despectivo fue la mentira y la confusi\u00f3n para generalizar y exagerar, al mismo tiempo que se lo vincul\u00f3 a la impotencia del falso progresismo.<\/p>\n<p>Pese a la campa\u00f1a de desprestigio, esos reclamos tienen raz\u00f3n de ser, no surgen de una disquisici\u00f3n te\u00f3rica o de una pose hip\u00f3crita, aunque puedan existir esas expresiones.<\/p>\n<p>En este pa\u00eds hubo campos de concentraci\u00f3n con miles de secuestrados por fuerzas estatales, torturados y asesinados, sus hijos fueron apropiados, muchos de sus familiares tambi\u00e9n fueron perseguidos y masacrados y las mujeres violadas como bot\u00edn de guerra.<\/p>\n<p>En este pa\u00eds hubo fosas comunes para decenas de fusilados, vuelos de la muerte, seres arrojados vivos al mar desde aviones, sin hablar de listas negras, censura, quema de libros, saqueos, extorsiones y todo tipo de abusos. Hubo fuerzas armadas que derrocaron gobiernos, y jueces y empresas que fueron c\u00f3mplices y una sociedad que naturaliz\u00f3 convivir con el terrorismo de Estado.<\/p>\n<p>Los derechos no son \u201cwoke\u201d. Cuando se destap\u00f3 la cloaca de la dictadura en los juicios a los ex comandantes comenz\u00f3 un camino sin retorno. Es probable que las nuevas generaciones tengan una noci\u00f3n distante del horror, pero a\u00fan as\u00ed la mayor\u00eda respald\u00f3 los juicios y las condenas, repudi\u00f3 las violaciones a los derechos humanos y los golpes militares. Sin enciclopedismos pero de una manera clara repudi\u00f3 esa historia cada vez que se la quiso reivindicar.<\/p>\n<p>Es la contradicci\u00f3n de este gobierno, pero tambi\u00e9n de parte de la gente que lo vot\u00f3. Tuvo que disfrazar sus verdaderas intenciones y esperar a las vacaciones y las fiestas de fin de a\u00f1o para avanzar, porque sab\u00eda que una parte importante de sus propios electores no estar\u00eda de acuerdo.<\/p>\n<p>Las encuestas cualitativas son claras. Entre los que tienen expectativas muchos llenan de \u201cperos\u201d su respuesta. Est\u00e1n de acuerdo en darle m\u00e1s tiempo al gobierno, pero en temas como los derechos de la mujer, la defensa del medio ambiente y la vigencia de los derechos humanos, o el maltrato a los jubilados, una amplia mayor\u00eda disiente con el gobierno.<\/p>\n<p>Una parte de los que todav\u00eda lo apoyan han transitado este a\u00f1o el esfuerzo del ajuste que les exigieron y ahora esperan la recompensa que les prometieron en el plano de la estabilizaci\u00f3n econ\u00f3mica, que para el gobierno y el capital concentrado quiere decir una cosa y para la gente de a pie, otra muy diferente.<\/p>\n<p>Hay un malentendido cuando se habla de imagen positiva del gobierno. Esa definici\u00f3n engloba miradas heterog\u00e9neas.\u00a0Aunque la derecha tiene un peso importante, para una parte, esa imagen positiva no implica respaldo ideol\u00f3gico a todo lo que hace.\u00a0Hay un par\u00e9ntesis de cierta tolerancia en lo dem\u00e1s para decidir si funciona en temas de inflaci\u00f3n, trabajo o calidad de vida.<\/p>\n<p>Esas contradicciones son molestas para la oposici\u00f3n, pero tambi\u00e9n para el gobierno. El intento de eliminar las pol\u00edticas y las instituciones que representan los ideales de memoria, verdad y justicia puso otra vez la defensa de los derechos humanos en el escenario. Es una lucha que sigue y crece. Hoy a las 18.00 se realizar\u00e1 un festival en la Ex ESMA contra el cierre del Centro Cultural Haroldo Conti que funciona all\u00ed y el despido de los trabajadores. \u201cConvocamos \u2014dice la invitaci\u00f3n\u2014 a nuestra comunidad hermosa, digna, beligerante a acompa\u00f1arnos. Traigan sus palabras, sus acordes, sus m\u00e1scaras, sus poemas, su intensidad, su malestar, su alegr\u00eda. Traigan el coraz\u00f3n prendido fuego, clavado en un cuchillo, con las ra\u00edces a la intemperie. Que la memoria arda, que la historia contin\u00fae, que el Conti siga de pie\u201d.<\/p>\n<p>Por\u00a0Luis Bruschtein<\/p>\n<h6>Fuente: P\u00e1gina 12<\/h6>\n","protected":false},"excerpt":{"rendered":"<p>El gobierno tuvo que esperar que la sociedad se enfocara en las fiestas de fin de a\u00f1o para empezar a desmantelar la exESMA. Pero est\u00e1 demostrado que las mayor\u00edas defienden los derechos humanos.<\/p>\n","protected":false},"author":2,"featured_media":153018,"comment_status":"closed","ping_status":"closed","sticky":false,"template":"","format":"standard","meta":{"footnotes":""},"categories":[6],"tags":[21],"class_list":["post-153017","post","type-post","status-publish","format-standard","has-post-thumbnail","hentry","category-opiniones","tag-argentina"],"_links":{"self":[{"href":"http:\/\/argentinamunicipal.com.ar\/argentina\/wp-json\/wp\/v2\/posts\/153017","targetHints":{"allow":["GET"]}}],"collection":[{"href":"http:\/\/argentinamunicipal.com.ar\/argentina\/wp-json\/wp\/v2\/posts"}],"about":[{"href":"http:\/\/argentinamunicipal.com.ar\/argentina\/wp-json\/wp\/v2\/types\/post"}],"author":[{"embeddable":true,"href":"http:\/\/argentinamunicipal.com.ar\/argentina\/wp-json\/wp\/v2\/users\/2"}],"replies":[{"embeddable":true,"href":"http:\/\/argentinamunicipal.com.ar\/argentina\/wp-json\/wp\/v2\/comments?post=153017"}],"version-history":[{"count":0,"href":"http:\/\/argentinamunicipal.com.ar\/argentina\/wp-json\/wp\/v2\/posts\/153017\/revisions"}],"wp:featuredmedia":[{"embeddable":true,"href":"http:\/\/argentinamunicipal.com.ar\/argentina\/wp-json\/wp\/v2\/media\/153018"}],"wp:attachment":[{"href":"http:\/\/argentinamunicipal.com.ar\/argentina\/wp-json\/wp\/v2\/media?parent=153017"}],"wp:term":[{"taxonomy":"category","embeddable":true,"href":"http:\/\/argentinamunicipal.com.ar\/argentina\/wp-json\/wp\/v2\/categories?post=153017"},{"taxonomy":"post_tag","embeddable":true,"href":"http:\/\/argentinamunicipal.com.ar\/argentina\/wp-json\/wp\/v2\/tags?post=153017"}],"curies":[{"name":"wp","href":"https:\/\/api.w.org\/{rel}","templated":true}]}}