{"id":153248,"date":"2025-01-17T05:38:03","date_gmt":"2025-01-17T08:38:03","guid":{"rendered":"http:\/\/argentinamunicipal.com.ar\/argentina\/?p=153248"},"modified":"2025-01-14T19:40:19","modified_gmt":"2025-01-14T22:40:19","slug":"la-creciente-desigualdad-y-la-mayor-explotacion-en-el-capitalismo","status":"publish","type":"post","link":"http:\/\/argentinamunicipal.com.ar\/argentina\/la-creciente-desigualdad-y-la-mayor-explotacion-en-el-capitalismo\/","title":{"rendered":"La creciente desigualdad y la mayor explotaci\u00f3n en el capitalismo"},"content":{"rendered":"<p>No debe sorprender la tendencia al estancamiento por a\u00f1os de la econom\u00eda argentina, convergente con la tendencia capitalista global a la desaceleraci\u00f3n, compensada por importantes crecimientos en China o India, entre otros pa\u00edses que atrajeron inversiones externas en los \u00faltimos cuarenta a\u00f1os.<\/p>\n<p>Luego de la crisis capitalista del 2007\/09 la econom\u00eda mundial viene creciendo a menor ritmo que en los a\u00f1os previos y por eso la exacerbaci\u00f3n de la iniciativa pol\u00edtica por la liberalizaci\u00f3n econ\u00f3mica, lo que supone modificar regresivamente la relaci\u00f3n entre el capital y el trabajo, el cambio de funciones del Estado para favorecer la rentabilidad de las inversiones y el est\u00edmulo a la transnacionalizaci\u00f3n del capital global, m\u00e1s all\u00e1 de sanciones unilaterales lideradas desde EEUU.<\/p>\n<p>La radicaci\u00f3n de inversiones por d\u00e9cadas, en China o India, entre otros \u201cemergentes\u201d se asocia a la b\u00fasqueda de rentabilidad en territorios de abundante mano de obra, o fuerza de trabajo, barata.<\/p>\n<p>Con rumbos pol\u00edticos diferenciados en esos pa\u00edses, el desarrollo de las fuerzas productivas genera las condiciones de posibilidad para la competitividad internacional de los capitales radicados en esos pa\u00edses, con consecuencias interesantes para el debate \u201cgeopol\u00edtico\u201d, o de correlaciones de fuerzas internacionales y disputas sobre la hegemon\u00eda del sistema mundial del capitalismo.<\/p>\n<p>El mundo cambia y con \u00e9l muta el orden capitalista. El desarrollo cient\u00edfico y tecnol\u00f3gico, con su aporte actual centrado en la inteligencia artificial (ia), la rob\u00f3tica y las comunicaciones en la red global, reestructura las relaciones socioecon\u00f3micas globales, estimulando nuevas confrontaciones en la din\u00e1mica hist\u00f3rica de la lucha de clases entre la burgues\u00eda transnacional que renueva su dominaci\u00f3n y la clase obrera mundial, base de la producci\u00f3n y circulaci\u00f3n de la riqueza.<\/p>\n<p>Todo ello interviene en las modificaciones culturales, ideol\u00f3gicos y pol\u00edticas que se visibilizan con avances autoritarios de propuestas de ultraderecha, proceso que mundialmente expresa el proceso estadounidense bajo el fen\u00f3meno Trump, con sus respectivos correlatos en diversos territorios, caso de Javier Milei en la Argentina, m\u00e1s all\u00e1 de matices en la pol\u00edtica p\u00fablica que enuncia uno u otro.<\/p>\n<p>Claro que es un tiempo de manifestaci\u00f3n de resistencias y luchas por otro orden socio econ\u00f3mico en diversos territorios. Las expresiones se\u00f1aladas remiten a una l\u00f3gica de confrontaciones en todo el planeta, desde la \u201cprimavera\u201d \u00e1rabe, la consecuente lucha del pueblo palestino y el conflicto en medio oriente, la din\u00e1mica del Sahel en \u00c1frica, junto a las luchas y experiencias latinoamericanas y caribe\u00f1as, a las que se suman las desplegadas en el territorio del capitalismo desarrollado.<\/p>\n<p><strong>Argentina<\/strong><br \/>\nPa\u00edses como Argentina, con un relativo mayor desarrollo de ingresos en la regi\u00f3n durante la primera mitad del siglo XX, inici\u00f3 un proceso de empobrecimiento en el \u00faltimo cuarto del siglo pasado (desde 1975), acumulando ya medio siglo (1975-2025) de una tendencia a la pauperizaci\u00f3n creciente, confirmando una estrategia del capitalismo local.<\/p>\n<p>La ofensiva del capital define esa estrategia. M\u00e1s all\u00e1 de algunos momentos en este tiempo hist\u00f3rico, la tendencia se afirma en los preocupantes datos socioecon\u00f3micos de empobrecimiento, deterioro de los ingresos populares y p\u00e9rdidas de derechos sociales, individuales y colectivos. Una situaci\u00f3n con impacto en la desarticulaci\u00f3n de una cultura hist\u00f3rica de sindicalizaci\u00f3n y organizaci\u00f3n popular.<\/p>\n<p>Esa ofensiva se manifiesta en cambios pol\u00edticos en la representaci\u00f3n institucional, en donde los partidos tradicionales fueron perdiendo capacidad de expresar sus imaginarios en programas previsibles, de ciudadanizaci\u00f3n y republicanismo en el caso del \u201cradicalismo\u201d y de justicia social y soberan\u00eda econ\u00f3mica en el \u201cperonismo\u201d.<\/p>\n<p>Que aun existan n\u00facleos reivindicando esa tradici\u00f3n y representaci\u00f3n simb\u00f3lica no elude la realidad de fugas hacia nuevas entidades emergentes luego de la crisis del 2001; en la disputa entre coaliciones que contienen las tradicionales expresiones de la pol\u00edtica local, kirchnerismo y macrismo, hasta el presente desafiante de un consenso amenazante en la atracci\u00f3n del l\u00edder libertario y su proyecto antipopular.<\/p>\n<p>Las luchas en el periodo son fuente de estudio de una nueva camada intelectual desafiada a renovar s\u00edntesis de la construcci\u00f3n alternativa ante los cambios del capitalismo global en su especificidad local.<\/p>\n<p>El resultado de la ofensiva del capital, pese a las resistencias, es la creciente desigualdad verificada en los datos sobre Argentina, confirmando la concentraci\u00f3n del ingreso y la riqueza en una c\u00fapula minoritaria de la poblaci\u00f3n, \u201cnuevo n\u00facleo de la dominaci\u00f3n\u201d, a la vez que se ensancha la base empobrecida, m\u00e1s all\u00e1 de cualquier indicador de pobreza. Es que los indicadores no son fiables, por diversos motivos, a veces, incluso deliberadamente, sea para esconder los nuevos fen\u00f3menos de las contradicciones del capitalismo local.<\/p>\n<p>La profundizaci\u00f3n de la explotaci\u00f3n es el camino elegido de la burgues\u00eda, local y global, actuante en la Argentina. El destino es lograr afirmar una tendencia a la igualaci\u00f3n descendente de las condiciones de vida de la poblaci\u00f3n, con relaci\u00f3n a las vigentes por d\u00e9cadas en otros territorios de Latinoam\u00e9rica y del caribe.<\/p>\n<p>A ello se asocia la confirmaci\u00f3n de un modelo productivo que profundiza el saqueo de los bienes comunes, especialmente asentados en la tierra, el agua, la miner\u00eda o la energ\u00eda, potenciando una mec\u00e1nica de producci\u00f3n para la inserci\u00f3n subordinada en la econom\u00eda mundial.<\/p>\n<p>El \u00fanico l\u00edmite a ese proceso es la lucha popular y la emergencia de un proyecto pol\u00edtico de inserci\u00f3n masivo, alternativo, inexistente aun en el imaginario social mayoritario. No se trata de opciones electorales en \u201ccontra del mal mayor\u201d para recrear viabilidad capitalista al orden local.<\/p>\n<p><strong>La ultra derecha en su salsa<\/strong><br \/>\nMilei es el resultado de ese proceso largo de iniciativa pol\u00edtica del poder, iniciado con la dictadura genocida y continuado en los ciclos de los 90, con Menem y de la R\u00faa, luego con Macri. Milei pretende coronar el proceso de restructuraci\u00f3n regresiva del capitalismo local, por lo que disputa la instalaci\u00f3n hegem\u00f3nica de un proyecto reaccionario con consenso ampliado, incluyendo mecanismos represivos extendidos, claro que con la complicidad del sistema institucional y medi\u00e1tico.<\/p>\n<p>Eso requiere renovar la estrategia contra el capital. La base de esa estrategia est\u00e1 en las experiencias de reproducci\u00f3n de la cotidianeidad de millones de personas que protagonizan la solidaridad, la asociaci\u00f3n y la autogesti\u00f3n, en variados emprendimientos asociativos de tipo cooperativo, comunitario, colectivo, en ocasiones solo para lograr la supervivencia ante la insensibilidad de la l\u00f3gica de explotaci\u00f3n y saqueo.<\/p>\n<p>La alternativa existe en la fragmentaci\u00f3n de la experiencia popular, que requiere articularse en proyecto pol\u00edtico, no solo de resistencia y confrontaci\u00f3n, sino de disputa de un imaginario alternativo, en el sentido hist\u00f3rico de los explotados y dominados en la larga lucha contra el capitalismo, global y local. Es la izquierda, en sentido amplio, contra la derecha o la ultra en su nueva expresi\u00f3n, bajo novedosas formas que asume la organizaci\u00f3n contradictoria del capitalismo en la actualidad.<\/p>\n<p>En el centro de la discusi\u00f3n la lucha de clases, categor\u00eda a reivindicar en estos tiempos de relato posmoderno. El capitalismo es lucha de clases, es el poder a la ofensiva y la contraofensiva de las clases explotadas y dominadas, en una dial\u00e9ctica que se resuelve en la l\u00f3gica de quien vence a quien.<\/p>\n<p>Por\u00a0Julio Gambina<\/p>\n<p>* Doctor en Ciencias Sociales, UBA. Directivo de la Sociedad Latinoamericana y caribe\u00f1a de Econom\u00eda Pol\u00edtica y Pensamiento Cr\u00edtico, SEPLA.<\/p>\n<h6>Fuente: P\u00e1gina 12<\/h6>\n","protected":false},"excerpt":{"rendered":"<p>No debe sorprender la tendencia al estancamiento por a\u00f1os de la econom\u00eda argentina, convergente con la tendencia capitalista global a la desaceleraci\u00f3n, compensada por importantes crecimientos en China o India, entre otros pa\u00edses que atrajeron inversiones externas en los \u00faltimos cuarenta a\u00f1os.<\/p>\n","protected":false},"author":2,"featured_media":153249,"comment_status":"closed","ping_status":"closed","sticky":false,"template":"","format":"standard","meta":{"footnotes":""},"categories":[6],"tags":[21],"class_list":["post-153248","post","type-post","status-publish","format-standard","has-post-thumbnail","hentry","category-opiniones","tag-argentina"],"_links":{"self":[{"href":"http:\/\/argentinamunicipal.com.ar\/argentina\/wp-json\/wp\/v2\/posts\/153248","targetHints":{"allow":["GET"]}}],"collection":[{"href":"http:\/\/argentinamunicipal.com.ar\/argentina\/wp-json\/wp\/v2\/posts"}],"about":[{"href":"http:\/\/argentinamunicipal.com.ar\/argentina\/wp-json\/wp\/v2\/types\/post"}],"author":[{"embeddable":true,"href":"http:\/\/argentinamunicipal.com.ar\/argentina\/wp-json\/wp\/v2\/users\/2"}],"replies":[{"embeddable":true,"href":"http:\/\/argentinamunicipal.com.ar\/argentina\/wp-json\/wp\/v2\/comments?post=153248"}],"version-history":[{"count":0,"href":"http:\/\/argentinamunicipal.com.ar\/argentina\/wp-json\/wp\/v2\/posts\/153248\/revisions"}],"wp:featuredmedia":[{"embeddable":true,"href":"http:\/\/argentinamunicipal.com.ar\/argentina\/wp-json\/wp\/v2\/media\/153249"}],"wp:attachment":[{"href":"http:\/\/argentinamunicipal.com.ar\/argentina\/wp-json\/wp\/v2\/media?parent=153248"}],"wp:term":[{"taxonomy":"category","embeddable":true,"href":"http:\/\/argentinamunicipal.com.ar\/argentina\/wp-json\/wp\/v2\/categories?post=153248"},{"taxonomy":"post_tag","embeddable":true,"href":"http:\/\/argentinamunicipal.com.ar\/argentina\/wp-json\/wp\/v2\/tags?post=153248"}],"curies":[{"name":"wp","href":"https:\/\/api.w.org\/{rel}","templated":true}]}}