{"id":15329,"date":"2014-09-26T10:29:46","date_gmt":"2014-09-26T13:29:46","guid":{"rendered":"http:\/\/argentinamunicipal.com.ar\/argentina\/?p=15329"},"modified":"2014-09-26T10:29:46","modified_gmt":"2014-09-26T13:29:46","slug":"proponen-cargar-los-telefonos-con-energia-solar-en-parques-de-rosario","status":"publish","type":"post","link":"http:\/\/argentinamunicipal.com.ar\/argentina\/proponen-cargar-los-telefonos-con-energia-solar-en-parques-de-rosario\/","title":{"rendered":"Proponen cargar los tel\u00e9fonos con energ\u00eda solar en parques de Rosario"},"content":{"rendered":"<p><a href=\"http:\/\/argentinamunicipal.com.ar\/argentina\/wp-content\/uploads\/2014\/09\/104645.jpg\"><img loading=\"lazy\" decoding=\"async\" class=\"aligncenter size-full wp-image-15330\" src=\"http:\/\/argentinamunicipal.com.ar\/argentina\/wp-content\/uploads\/2014\/09\/104645.jpg\" alt=\"104645\" width=\"621\" height=\"465\" srcset=\"http:\/\/argentinamunicipal.com.ar\/argentina\/wp-content\/uploads\/2014\/09\/104645.jpg 621w, http:\/\/argentinamunicipal.com.ar\/argentina\/wp-content\/uploads\/2014\/09\/104645-300x224.jpg 300w\" sizes=\"auto, (max-width: 621px) 100vw, 621px\" \/><\/a><br \/>\nLa concejal Viviana Foresi impulsa la iniciativa para que en la Terminal de Omnibus, los centros de distritos y los principales espacios verdes cuenten con \u00abzonas verdes\u00bb.<\/p>\n<p>La concejal rosarina Viviana Foresi, del Partido Socialista (PS), present\u00f3 un proyecto que ser\u00e1 analizado en la comisi\u00f3n de ecolog\u00eda del Concejo Municipal durante la pr\u00f3xima semana. \u201cCreemos que el mismo ser\u00e1 aprobado en breve. Es una necesidad concreta que se sustenta en la cantidad de l\u00edneas de telefon\u00eda m\u00f3vil que hay habilitadas en la ciudad, m\u00e1s la gran cantidad de turistas que llegan a Rosario y necesitan mantener activos sus dispositivos m\u00f3viles\u201d, dijo.<\/p>\n<p>La instalaci\u00f3n de los espacios denominados \u201cZona Verde de recarga de celulares con energ\u00eda solar\u201d en Rosario est\u00e1 pensada para lugares como la Terminal de \u00d3mnibus Mariano Moreno, los Centros Municipales de Distrito y principales espacios p\u00fablicos. De esta manera los usuarios de telefon\u00eda m\u00f3vil la posibilidad de recargar las bater\u00edas de sus celulares de manera gratuita.<\/p>\n<p>\u201cCon este proyecto tambi\u00e9n hacemos una contribuci\u00f3n a la protecci\u00f3n ambiental, porque la generaci\u00f3n de energ\u00eda estar\u00e1 dada mediante un proceso fotovolt\u00e1ico en el que la luz solar se convierte en energ\u00eda el\u00e9ctrica. La generaci\u00f3n de energ\u00eda el\u00e9ctrica a partir de la luz solar no requiere ning\u00fan tipo de combusti\u00f3n, por lo tanto no produce ning\u00fan gas que favorezca el efecto invernadero\u201d, detall\u00f3 Foresi a Impulso.<\/p>\n<h6>Fuente: Uno,\u00a0Entre R\u00edos<\/h6>\n","protected":false},"excerpt":{"rendered":"<p>La concejal Viviana Foresi impulsa la iniciativa para que en la Terminal de Omnibus, los centros de distritos y los principales espacios verdes cuenten con \u00abzonas verdes\u00bb. La concejal rosarina Viviana Foresi, del Partido Socialista (PS), present\u00f3 un proyecto que ser\u00e1 analizado en la comisi\u00f3n de ecolog\u00eda del Concejo Municipal durante la pr\u00f3xima semana. \u201cCreemos<\/p>\n","protected":false},"author":2,"featured_media":15330,"comment_status":"closed","ping_status":"closed","sticky":false,"template":"","format":"standard","meta":{"footnotes":""},"categories":[2],"tags":[10],"class_list":["post-15329","post","type-post","status-publish","format-standard","has-post-thumbnail","hentry","category-informe-municipal","tag-santa-fe"],"_links":{"self":[{"href":"http:\/\/argentinamunicipal.com.ar\/argentina\/wp-json\/wp\/v2\/posts\/15329","targetHints":{"allow":["GET"]}}],"collection":[{"href":"http:\/\/argentinamunicipal.com.ar\/argentina\/wp-json\/wp\/v2\/posts"}],"about":[{"href":"http:\/\/argentinamunicipal.com.ar\/argentina\/wp-json\/wp\/v2\/types\/post"}],"author":[{"embeddable":true,"href":"http:\/\/argentinamunicipal.com.ar\/argentina\/wp-json\/wp\/v2\/users\/2"}],"replies":[{"embeddable":true,"href":"http:\/\/argentinamunicipal.com.ar\/argentina\/wp-json\/wp\/v2\/comments?post=15329"}],"version-history":[{"count":0,"href":"http:\/\/argentinamunicipal.com.ar\/argentina\/wp-json\/wp\/v2\/posts\/15329\/revisions"}],"wp:featuredmedia":[{"embeddable":true,"href":"http:\/\/argentinamunicipal.com.ar\/argentina\/wp-json\/wp\/v2\/media\/15330"}],"wp:attachment":[{"href":"http:\/\/argentinamunicipal.com.ar\/argentina\/wp-json\/wp\/v2\/media?parent=15329"}],"wp:term":[{"taxonomy":"category","embeddable":true,"href":"http:\/\/argentinamunicipal.com.ar\/argentina\/wp-json\/wp\/v2\/categories?post=15329"},{"taxonomy":"post_tag","embeddable":true,"href":"http:\/\/argentinamunicipal.com.ar\/argentina\/wp-json\/wp\/v2\/tags?post=15329"}],"curies":[{"name":"wp","href":"https:\/\/api.w.org\/{rel}","templated":true}]}}