{"id":153719,"date":"2025-01-31T05:45:17","date_gmt":"2025-01-31T08:45:17","guid":{"rendered":"http:\/\/argentinamunicipal.com.ar\/argentina\/?p=153719"},"modified":"2025-01-30T20:05:58","modified_gmt":"2025-01-30T23:05:58","slug":"federacion-y-concordia-mantendran-los-porcentajes-de-financiamiento-de-los-excedentes-de-salto-grande","status":"publish","type":"post","link":"http:\/\/argentinamunicipal.com.ar\/argentina\/federacion-y-concordia-mantendran-los-porcentajes-de-financiamiento-de-los-excedentes-de-salto-grande\/","title":{"rendered":"Federaci\u00f3n y Concordia mantendr\u00e1n los porcentajes de financiamiento de los excedentes de Salto Grande."},"content":{"rendered":"<p>La informaci\u00f3n la dio a conocer el Intendente de Federaci\u00f3n, Ricardo Bravo tras un encuentro con el Secretario General de la Gobernaci\u00f3n de Entre R\u00edos Mauricio Colello, qui\u00e9n le transmiti\u00f3 la decisi\u00f3n del Gobernador.<\/p>\n<p>El Intendente de Federaci\u00f3n, Ricardo Bravo, \u00a0mantuvo reuni\u00f3n con el Secretario General de la Gobernaci\u00f3n de Entre R\u00edos Mauricio Colello en el que se inform\u00f3 que mantendr\u00e1n los porcentajes de financiamiento de los excedentes de Salto Grande.<\/p>\n<p>Tras el encuentro, Bravo agradeci\u00f3 la reuni\u00f3n y el \u201cser atendido para poder llevarle la tranquilidad a toda la ciudad de Federaci\u00f3n\u00bb. Cabe mencionar que este martes, el Presidente Municipal realiz\u00f3 una conferencia de prensa con sus pares del Departamento en el que se hab\u00edan realizado una serie de pedidos al respecto.<\/p>\n<p>Adem\u00e1s\u00a0 en el encuentro se trat\u00f3 la obra del Tobog\u00e1n Torbellino para el Parque Acuatico\u00a0 en la que se acord\u00f3 que \u201cdentro del transcurso de este a\u00f1o esta obra pueda ser una realidad para Federaci\u00f3n y seguir fortaleciendo nuestro producto tur\u00edstico\u00bb, sostuvo el Intendente.<\/p>\n<h6>Fuente: APFDigital<\/h6>\n","protected":false},"excerpt":{"rendered":"<p>La informaci\u00f3n la dio a conocer el Intendente de Federaci\u00f3n, Ricardo Bravo tras un encuentro con el Secretario General de la Gobernaci\u00f3n de Entre R\u00edos Mauricio Colello, qui\u00e9n le transmiti\u00f3 la decisi\u00f3n del Gobernador.<\/p>\n","protected":false},"author":2,"featured_media":153720,"comment_status":"closed","ping_status":"closed","sticky":false,"template":"","format":"standard","meta":{"footnotes":""},"categories":[2],"tags":[17],"class_list":["post-153719","post","type-post","status-publish","format-standard","has-post-thumbnail","hentry","category-informe-municipal","tag-entre-rios"],"_links":{"self":[{"href":"http:\/\/argentinamunicipal.com.ar\/argentina\/wp-json\/wp\/v2\/posts\/153719","targetHints":{"allow":["GET"]}}],"collection":[{"href":"http:\/\/argentinamunicipal.com.ar\/argentina\/wp-json\/wp\/v2\/posts"}],"about":[{"href":"http:\/\/argentinamunicipal.com.ar\/argentina\/wp-json\/wp\/v2\/types\/post"}],"author":[{"embeddable":true,"href":"http:\/\/argentinamunicipal.com.ar\/argentina\/wp-json\/wp\/v2\/users\/2"}],"replies":[{"embeddable":true,"href":"http:\/\/argentinamunicipal.com.ar\/argentina\/wp-json\/wp\/v2\/comments?post=153719"}],"version-history":[{"count":0,"href":"http:\/\/argentinamunicipal.com.ar\/argentina\/wp-json\/wp\/v2\/posts\/153719\/revisions"}],"wp:featuredmedia":[{"embeddable":true,"href":"http:\/\/argentinamunicipal.com.ar\/argentina\/wp-json\/wp\/v2\/media\/153720"}],"wp:attachment":[{"href":"http:\/\/argentinamunicipal.com.ar\/argentina\/wp-json\/wp\/v2\/media?parent=153719"}],"wp:term":[{"taxonomy":"category","embeddable":true,"href":"http:\/\/argentinamunicipal.com.ar\/argentina\/wp-json\/wp\/v2\/categories?post=153719"},{"taxonomy":"post_tag","embeddable":true,"href":"http:\/\/argentinamunicipal.com.ar\/argentina\/wp-json\/wp\/v2\/tags?post=153719"}],"curies":[{"name":"wp","href":"https:\/\/api.w.org\/{rel}","templated":true}]}}