{"id":15378,"date":"2014-09-27T09:48:06","date_gmt":"2014-09-27T12:48:06","guid":{"rendered":"http:\/\/argentinamunicipal.com.ar\/argentina\/?p=15378"},"modified":"2014-09-27T09:48:06","modified_gmt":"2014-09-27T12:48:06","slug":"la-onu-distingue-una-investigadora-argentina-por-su-trabajo-con-vicunas","status":"publish","type":"post","link":"http:\/\/argentinamunicipal.com.ar\/argentina\/la-onu-distingue-una-investigadora-argentina-por-su-trabajo-con-vicunas\/","title":{"rendered":"La ONU distingue a una investigadora argentina por su trabajo con vicu\u00f1as"},"content":{"rendered":"<p><a href=\"http:\/\/argentinamunicipal.com.ar\/argentina\/wp-content\/uploads\/2014\/09\/PG_15_pampagalera.jpg\"><img loading=\"lazy\" decoding=\"async\" class=\"aligncenter  wp-image-15379\" src=\"http:\/\/argentinamunicipal.com.ar\/argentina\/wp-content\/uploads\/2014\/09\/PG_15_pampagalera.jpg\" alt=\"4.1.1\" width=\"791\" height=\"529\" srcset=\"http:\/\/argentinamunicipal.com.ar\/argentina\/wp-content\/uploads\/2014\/09\/PG_15_pampagalera.jpg 897w, http:\/\/argentinamunicipal.com.ar\/argentina\/wp-content\/uploads\/2014\/09\/PG_15_pampagalera-300x200.jpg 300w\" sizes=\"auto, (max-width: 791px) 100vw, 791px\" \/><\/a><br \/>\nVil\u00e1, que lleva m\u00e1s de treinta a\u00f1os dedicada al estudio y conservaci\u00f3n de la vicu\u00f1a, recibir\u00e1 la distinci\u00f3n el 15 de octubre en la Conferencia de las Partes (COP12) en la ciudad de PyeongChang, Corea.<\/p>\n<p>La investigadora del Conicet Bibiana Vil\u00e1 fue premiada por Naciones Unidas por su trabajo para la conservaci\u00f3n de las vicu\u00f1as y se convirti\u00f3 en el primer cient\u00edfico argentino en ser distinguido por la Convenci\u00f3n de Diversidad Biol\u00f3gica del organismo internacional.<\/p>\n<p><a href=\"http:\/\/argentinamunicipal.com.ar\/argentina\/wp-content\/uploads\/2014\/09\/JUJUY-01-WEB1.jpg\"><img loading=\"lazy\" decoding=\"async\" class=\"aligncenter size-full wp-image-15380\" src=\"http:\/\/argentinamunicipal.com.ar\/argentina\/wp-content\/uploads\/2014\/09\/JUJUY-01-WEB1.jpg\" alt=\"JUJUY-01-WEB1\" width=\"540\" height=\"345\" srcset=\"http:\/\/argentinamunicipal.com.ar\/argentina\/wp-content\/uploads\/2014\/09\/JUJUY-01-WEB1.jpg 540w, http:\/\/argentinamunicipal.com.ar\/argentina\/wp-content\/uploads\/2014\/09\/JUJUY-01-WEB1-300x191.jpg 300w\" sizes=\"auto, (max-width: 540px) 100vw, 540px\" \/><\/a><\/p>\n<p>El Ministerio de Ciencia, Tecnolog\u00eda e Innovaci\u00f3n Productiva inform\u00f3 que la ONU le otorg\u00f3 a la bi\u00f3loga Vil\u00e1 el premio Midori, con el que cada dos a\u00f1os se reconoce a personas cuyo estudio de la conservaci\u00f3n y el uso sostenible de la biodiversidad haya hecho aportes extraordinarios a nivel global, regional o local.<\/p>\n<p>Vil\u00e1, que lleva m\u00e1s de treinta a\u00f1os dedicada al estudio y conservaci\u00f3n de la vicu\u00f1a, recibir\u00e1 la distinci\u00f3n el 15 de octubre en la Conferencia de las Partes (COP12) en la ciudad de PyeongChang, Corea.<\/p>\n<p>Tras la notificaci\u00f3n del premio, que por primera vez se entrega a un cient\u00edfico argentino, Vil\u00e1 agradeci\u00f3 el apoyo del Consejo Nacional de Investigaciones Cient\u00edficas y T\u00e9cnicas (Conicet) y precis\u00f3 que su carrera se orient\u00f3 a \u00abinvestigar a las vicu\u00f1as y proveer las bases para la toma de decisiones en materia de conservaci\u00f3n y manejo de la especie\u00bb.<\/p>\n<p>La cient\u00edfica dijo que \u00ablas vicu\u00f1as son animales hermosos, muy interesantes a nivel biol\u00f3gico y econ\u00f3mico as\u00ed como tambi\u00e9n muy valorados simb\u00f3lica, social y econ\u00f3micamente por los pueblos originarios de los Andes\u00bb.<\/p>\n<p>Adem\u00e1s de la conservaci\u00f3n de la vicu\u00f1a silvestre, Vil\u00e1 encabez\u00f3 la implementaci\u00f3n de medidas de uso sostenible que integran tanto el conocimiento tradicional ind\u00edgena como la ciencia moderna para el bienestar animal.<\/p>\n<p>\u00abLas vicu\u00f1as tienen unos ojos negros inmensos hermos\u00edsimos y muy expresivos\u00bb, cont\u00f3 a BBC Mundo Vil\u00e1. \u00abEs como si fuera una gacelita peluda, corre a 50 kil\u00f3metros por hora, salta obst\u00e1culos de dos metros de altura, defiende los territorios, es un animalito muy interesante desde el punto de vista biol\u00f3gico\u00bb, explic\u00f3 la experta, que dirige un grupo de investigaci\u00f3n sobre vicu\u00f1as, cam\u00e9lidos y ambiente llamado Vicam.<\/p>\n<p>Tras la llegada de los espa\u00f1oles a Am\u00e9rica y despu\u00e9s de cientos de a\u00f1os de matanzas sistem\u00e1ticas para exportar a Europa sus codiciados cueros, la especie lleg\u00f3, a mediados del siglo pasado, a un punto cr\u00edtico, con menos de 10.000 animales en todo el altiplano.<\/p>\n<p>Fue en 1969 cuando, por un convenio ella inici\u00f3 un trabajo de estricta conservaci\u00f3n con el que a\u00fan est\u00e1n comprometidos Argentina, Per\u00fa, Bolivia y Chile. Desde entonces, las vicu\u00f1as se han recuperado a tal punto que la Uni\u00f3n Internacional para la Conservaci\u00f3n de la Naturaleza (IUCN, por sus siglas en ingl\u00e9s) estima que la poblaci\u00f3n total es de 347.273 ejemplares y est\u00e1 en aumento.<\/p>\n<p>Para Vil\u00e1, la verdadera clave de esta recuperaci\u00f3n est\u00e1 en el primer art\u00edculo de ese convenio, que dice que el beneficio de la vicu\u00f1a (el que aporta el valor de su pelo) debe ser para el poblador local, lo que hizo que el faenamiento quedase relegado a \u00faltima instancia.<\/p>\n<p>El pelo de vicu\u00f1a es apreciado por su calidez y extrema finura. \u00abCuanto m\u00e1s fina m\u00e1s cara\u00bb, explic\u00f3 Vil\u00e1.<\/p>\n<p>Un kilo de fibra de vicu\u00f1a puede costar m\u00e1s de 500 d\u00f3lares, y un chal confeccionado con su hilo, m\u00e1s de 2.229 d\u00f3lares, lo que lo convierte en una prenda de lujo.<\/p>\n<p>El grupo de investigaci\u00f3n de Vil\u00e1 trabaja con un pueblo de 150 habitantes, Santa Catalina (Jujuy), en el norte argentino. Ese es el \u00fanico lugar donde se mantiene en forma cient\u00edfica el esquema de captura de los animales, un largo y amplio embudo de empalizadas llamado chaku que termina en un rect\u00e1ngulo ciego, donde las vicu\u00f1as son atrapadas y esquiladas. Una t\u00e9cnica similar se usa en las provincias sure\u00f1as para capturar guanacos.<\/p>\n<p>\u00abLa captura revoluciona el pueblo\u00bb, se\u00f1al\u00f3. M\u00e1s de 100 personas participan del chaku, en el que la gente rodea caminando a las vicu\u00f1as con una soga marcada con cintas de colores. As\u00ed se arrean los animales a un corral, donde se los esquila, pero tambi\u00e9n se les saca una muestra de sangre, se los revisa y se los identifica con un collar.<\/p>\n<h6>Fuente: La Capital, Rosario<\/h6>\n","protected":false},"excerpt":{"rendered":"<p>Vil\u00e1, que lleva m\u00e1s de treinta a\u00f1os dedicada al estudio y conservaci\u00f3n de la vicu\u00f1a, recibir\u00e1 la distinci\u00f3n el 15 de octubre en la Conferencia de las Partes (COP12) en la ciudad de PyeongChang, Corea. La investigadora del Conicet Bibiana Vil\u00e1 fue premiada por Naciones Unidas por su trabajo para la conservaci\u00f3n de las vicu\u00f1as<\/p>\n","protected":false},"author":2,"featured_media":15380,"comment_status":"closed","ping_status":"closed","sticky":false,"template":"","format":"standard","meta":{"footnotes":""},"categories":[8],"tags":[25],"class_list":["post-15378","post","type-post","status-publish","format-standard","has-post-thumbnail","hentry","category-informe-nacional","tag-jujuy"],"_links":{"self":[{"href":"http:\/\/argentinamunicipal.com.ar\/argentina\/wp-json\/wp\/v2\/posts\/15378","targetHints":{"allow":["GET"]}}],"collection":[{"href":"http:\/\/argentinamunicipal.com.ar\/argentina\/wp-json\/wp\/v2\/posts"}],"about":[{"href":"http:\/\/argentinamunicipal.com.ar\/argentina\/wp-json\/wp\/v2\/types\/post"}],"author":[{"embeddable":true,"href":"http:\/\/argentinamunicipal.com.ar\/argentina\/wp-json\/wp\/v2\/users\/2"}],"replies":[{"embeddable":true,"href":"http:\/\/argentinamunicipal.com.ar\/argentina\/wp-json\/wp\/v2\/comments?post=15378"}],"version-history":[{"count":0,"href":"http:\/\/argentinamunicipal.com.ar\/argentina\/wp-json\/wp\/v2\/posts\/15378\/revisions"}],"wp:featuredmedia":[{"embeddable":true,"href":"http:\/\/argentinamunicipal.com.ar\/argentina\/wp-json\/wp\/v2\/media\/15380"}],"wp:attachment":[{"href":"http:\/\/argentinamunicipal.com.ar\/argentina\/wp-json\/wp\/v2\/media?parent=15378"}],"wp:term":[{"taxonomy":"category","embeddable":true,"href":"http:\/\/argentinamunicipal.com.ar\/argentina\/wp-json\/wp\/v2\/categories?post=15378"},{"taxonomy":"post_tag","embeddable":true,"href":"http:\/\/argentinamunicipal.com.ar\/argentina\/wp-json\/wp\/v2\/tags?post=15378"}],"curies":[{"name":"wp","href":"https:\/\/api.w.org\/{rel}","templated":true}]}}