{"id":153792,"date":"2025-02-04T19:11:57","date_gmt":"2025-02-04T22:11:57","guid":{"rendered":"http:\/\/argentinamunicipal.com.ar\/argentina\/?p=153792"},"modified":"2025-02-04T19:11:57","modified_gmt":"2025-02-04T22:11:57","slug":"el-peronismo-santafesino-no-encontro-la-salida-al-laberinto-va-separado-para-las-elecciones-constituyentes","status":"publish","type":"post","link":"http:\/\/argentinamunicipal.com.ar\/argentina\/el-peronismo-santafesino-no-encontro-la-salida-al-laberinto-va-separado-para-las-elecciones-constituyentes\/","title":{"rendered":"El peronismo santafesino no encontr\u00f3 la salida al laberinto: va separado para las elecciones constituyentes"},"content":{"rendered":"<p>El PJ santafesino no logr\u00f3 unidad. Diferencias cada vez m\u00e1s anchas. Los senadores, Marcelo Lewandowski y Omar Perotti<\/p>\n<p>El\u00a0peronismo de Santa Fe\u00a0sigue encerrado en un laberinto del que no puede salir desde hace tiempo. Dispersiones, diferencias convertidas en alergias y una unidad que ni siquiera se intent\u00f3 para competir por las convencionales constituyentes.\u00a0Hay un nuevo episodio de la metamorfosis del justicialismo\u00a0que a\u00fan no se sabe qu\u00e9 forma tomar\u00e1 en el futuro, si tendr\u00e1 varias cabezas, o volver\u00e1 a la unidad por el espanto.<\/p>\n<p>Esta vez tuvo un nuevo episodio de desorden al alejarse de lo partidario ya que no hubo coincidencia para utilizar al PJ como herramienta electoral. Ya ni siquiera hubo lugar para repetir lo de 2023 cuando sobre el l\u00edmite cerr\u00f3 una f\u00f3rmula, a rega\u00f1adientes, para competir por la gobernaci\u00f3n. Lej\u00edsimos del esquema de 2019, tambi\u00e9n a rega\u00f1adientes pero con fuerte unidad, que lo llev\u00f3 a Perotti a la gobernaci\u00f3n.<\/p>\n<p>Para colmo, enfrente, Unidos sell\u00f3 la alianza dos d\u00edas antes del cierre y llegar\u00e1 al inicio de campa\u00f1a descansado, sobrado y organizado. La reforma constitucional fue una bomba para los peronistas porque deton\u00f3 replanteos y reacomodamientos internos.<\/p>\n<p><strong>La hoja de ruta en el peronismo<\/strong><br \/>\nTodo estuvo en veremos para el peronismo santafesino a d\u00edas del l\u00edmite de presentaci\u00f3n de las alianzas y posterior cierre de listas para las convencionales constituyentes. \u201cEst\u00e1 complicado, pero lo vamos a acomodar\u201d, se sinceraba el viernes un experimentado dirigente del PJ provincial. Lo que no sab\u00eda es c\u00f3mo.<br \/>\nLa\u00a0estrategia nunca estuvo, la organizaci\u00f3n menos y los papeles se incineraron por el aire.\u00a0Lo que mayormente se expresa off the record y evidencia es falta de voluntad de unidad en el PJ provincial -a excepci\u00f3n de la dirigencia m\u00e1s experimentada-, como si fuese una mancha venenosa. Si esa chispa de unirse pese a todo no est\u00e1, todo est\u00e1 dicho.<\/p>\n<p>Termin\u00f3 quedando un escenario atomizado. El senador nacional Marcelo Lewandowski avanz\u00f3 con su armado por fuera del PJ y no hubo nada que lo convenza. De hecho Cristina Fern\u00e1ndez convers\u00f3 con \u00e9l para ver que tan potable era una lista de unidad por la simple raz\u00f3n de ser el mayor elector pero no se allan\u00f3 la s\u00edntesis.<\/p>\n<p>La expresidenta escuch\u00f3 las razones de porqu\u00e9 no participar\u00eda de la lista del PJ provincial y all\u00ed qued\u00f3 todo. Cristina no lo propuso como candidato, plante\u00f3 un razonamiento pol\u00edtico: que encabece una lista \u00fanica quien tiene m\u00e1s votos. En otro momento de su carrera quiz\u00e1s hubiese impuesto.<\/p>\n<p>Ahora no, ni tampoco reclam\u00f3 por el experiodista deportivo. Por lo tanto, no hubo desaire del rosarino, se apuran en aclarar cerca de \u00e9l. \u201cNo es que le dijo que no a Cristina; nada que ver, no fue por ah\u00ed la conversaci\u00f3n\u201d, explicaron en su entorno.<\/p>\n<p>Luego agregaron: \u201cNo hay que meterla a Cristina en este quilombo, lo tenemos que resolver nosotros desde el PJ de Santa Fe\u201d. Qued\u00f3 en claro que ese enredo se mantuvo y mucho no resolvieron.<\/p>\n<p><strong>Ant\u00f3n pirulero<\/strong><br \/>\nLas diferencias de Lewandowski con la conducci\u00f3n del PJ provincial -como los senadores, el rossismo, La C\u00e1mpora- no se iniciaron con este cierre sino que se arrastran del a\u00f1o pasado luego de la derrota dur\u00edsima frente a\u00a0Maximiliano Pullaro.<\/p>\n<p>Tuvo su pico con la conformaci\u00f3n de la conducci\u00f3n del PJ hace unos meses y la primera reuni\u00f3n partidaria a fin de a\u00f1o que termin\u00f3 con sillazos virtuales y trab\u00f3 todo para esta instancia. Nada se afloj\u00f3.<\/p>\n<p>En la semana\u00a0Armando Traferri, con quien Lewandowski mantiene cierta rivalidad, le ofreci\u00f3 encabezar la lista del PJ provincial y que discutan el resto de las piezas. Hubo un ni, pero fue un no. Este domingo a las 18 Lewandowski firm\u00f3 la inscripci\u00f3n con su sello Activemos en alianza con Igualdad y Participaci\u00f3n de\u00a0Rub\u00e9n Giustiniani\u00a0y con el Movimiento de Integraci\u00f3n y Desarrollo (MID).<\/p>\n<p>En los \u00faltimos d\u00edas volvi\u00f3 a reflotar la idea de que sea\u00a0Rafael Bielsa\u00a0el candidato del PJ provincial.\u00a0Agust\u00edn Rossi\u00a0mantuvo contactos con el excanciller. Esta semana ser\u00e1 clave. Finalmente, se registr\u00f3 la alianza Uni\u00f3n Por la Patria, que incluye al PJ, al rossismo, La C\u00e1mpora, los senadores, los intendentes de Vamos,\u00a0Roly Santacroce\u00a0y el massismo.<\/p>\n<p>Perotti no se anot\u00f3 a una alianza y hasta dej\u00f3 entrever que podr\u00eda evitar la carrera para reformar la Constituci\u00f3n.\u00a0Roberto Sukerman\u00a0ir\u00e1 con su lista por el partido Pa\u00eds, ampliando a\u00fan m\u00e1s el espectro peronista. Se habl\u00f3 de que podr\u00eda componer alguna lista con el perottismo.<\/p>\n<p>Si el exgobernador no participa en alguna lista mostrar\u00eda escasa vocaci\u00f3n institucional para alguien con su experiencia. Claro, es mejor eso que una eventual dura derrota electoral, debe decirse en la intimidad. Igualmente, si no va por un frente puede espera y presentar directamente lista en el cierre del 7 de febrero. Sigue sin mostrar las cartas.<\/p>\n<p>Es que no la tiene f\u00e1cil el peronismo con Unidos en la competencia y encabezada por el gobernador\u00a0Maximiliano Pullaro, con la participaci\u00f3n de\u00a0Amalia Granata\u00a0y hasta con los vientos soplando del mile\u00edsmo con La Libertad Avanza que sumar\u00e1 candidatos de Unite (en la previa se descontaba que ir\u00eda con Granata).<\/p>\n<p>Por eso suena m\u00e1s complejo si a esta dispersi\u00f3n general se le suma un escenario justicialista partido en mil pedazos, por m\u00e1s que de esta forma todos los peronistas saquen m\u00e1s puntos que en unidad.\u00a0Ac\u00e1 no hay neolemas ni PASO que canalicen.<\/p>\n<p>\u00abMuchos no entienden que la dispersi\u00f3n puede ser un papel\u00f3n\u00bb, define de manera sincera un dirigente del partido. Quiz\u00e1s lo que en el fondo se busque sea medirse internamente para purgar el espacio y cada uno, a lo Ant\u00f3n Pirulero, hace su juego en la convencional.<\/p>\n<p>Hay un punto a destacar: la dispersi\u00f3n puede jugar en contra al peronismo y favorecer en esta elecci\u00f3n a Unidos, pero en la convencional puede\u00a0complicar al oficialismo que haya muchas expresiones opositoras.<\/p>\n<p><strong>Lo que viene<\/strong><br \/>\nEra presumible este escenario porque se mantienen en\u00a0loop desconfianzas y diferencias\u00a0que arrastran desde hace a\u00f1os, que s\u00f3lo tuvieron un moj\u00f3n en 2023 con una unidad arrastrada de los pelos que deriv\u00f3 en una derrota de la que a\u00fan hoy no escarmienta el espacio.<\/p>\n<p>Nadie cede, nadie quiere perder un metro cuadrado de su monoambiente al contrafrente sin balc\u00f3n, a nadie se le ocurre una f\u00f3rmula aunque sea para salir por arriba de ese laberinto en el que est\u00e1.<\/p>\n<p>Lo m\u00e1s probable es que todo este proceso sea un escal\u00f3n m\u00e1s de una reconversi\u00f3n hacia algo que a\u00fan no se sabe qu\u00e9 ser\u00e1, pero lo seguro es que dejar\u00e1 muchos heridos.\u00a0El problema para el peronismo es si todos quedan heridos.\u00a0Y, en ese caso, \u00bfalguien podr\u00e1 levantar el bast\u00f3n de mariscal?<\/p>\n<h6>Fuente: La Capital<\/h6>\n","protected":false},"excerpt":{"rendered":"<p>El PJ santafesino no logr\u00f3 unidad. Diferencias cada vez m\u00e1s anchas. Los senadores, Marcelo Lewandowski y Omar Perotti<\/p>\n","protected":false},"author":2,"featured_media":153810,"comment_status":"closed","ping_status":"closed","sticky":false,"template":"","format":"standard","meta":{"footnotes":""},"categories":[4],"tags":[10],"class_list":["post-153792","post","type-post","status-publish","format-standard","has-post-thumbnail","hentry","category-informe-politico","tag-santa-fe"],"_links":{"self":[{"href":"http:\/\/argentinamunicipal.com.ar\/argentina\/wp-json\/wp\/v2\/posts\/153792","targetHints":{"allow":["GET"]}}],"collection":[{"href":"http:\/\/argentinamunicipal.com.ar\/argentina\/wp-json\/wp\/v2\/posts"}],"about":[{"href":"http:\/\/argentinamunicipal.com.ar\/argentina\/wp-json\/wp\/v2\/types\/post"}],"author":[{"embeddable":true,"href":"http:\/\/argentinamunicipal.com.ar\/argentina\/wp-json\/wp\/v2\/users\/2"}],"replies":[{"embeddable":true,"href":"http:\/\/argentinamunicipal.com.ar\/argentina\/wp-json\/wp\/v2\/comments?post=153792"}],"version-history":[{"count":0,"href":"http:\/\/argentinamunicipal.com.ar\/argentina\/wp-json\/wp\/v2\/posts\/153792\/revisions"}],"wp:featuredmedia":[{"embeddable":true,"href":"http:\/\/argentinamunicipal.com.ar\/argentina\/wp-json\/wp\/v2\/media\/153810"}],"wp:attachment":[{"href":"http:\/\/argentinamunicipal.com.ar\/argentina\/wp-json\/wp\/v2\/media?parent=153792"}],"wp:term":[{"taxonomy":"category","embeddable":true,"href":"http:\/\/argentinamunicipal.com.ar\/argentina\/wp-json\/wp\/v2\/categories?post=153792"},{"taxonomy":"post_tag","embeddable":true,"href":"http:\/\/argentinamunicipal.com.ar\/argentina\/wp-json\/wp\/v2\/tags?post=153792"}],"curies":[{"name":"wp","href":"https:\/\/api.w.org\/{rel}","templated":true}]}}