{"id":153802,"date":"2025-02-05T05:05:30","date_gmt":"2025-02-05T08:05:30","guid":{"rendered":"http:\/\/argentinamunicipal.com.ar\/argentina\/?p=153802"},"modified":"2025-02-04T19:06:58","modified_gmt":"2025-02-04T22:06:58","slug":"colon-fiesta-nacional-de-la-artesania-del-8-al-16-de-febrero","status":"publish","type":"post","link":"http:\/\/argentinamunicipal.com.ar\/argentina\/colon-fiesta-nacional-de-la-artesania-del-8-al-16-de-febrero\/","title":{"rendered":"Col\u00f3n, Fiesta Nacional de la Artesan\u00eda del 8 al 16 de febrero"},"content":{"rendered":"<p>Del 8 al 16 de febrero de 2025, Col\u00f3n ser\u00e1 el lugar de encuentro de la cultura artesana con la celebraci\u00f3n de la 40\u00b0 Fiesta Nacional de la Artesan\u00eda. La fiesta, que se llevar\u00e1 a cabo en el predio de acceso a la ciudad, contar\u00e1 con una destacada grilla de artistas nacionales y una serie de talleres exclusivos destinados a la creaci\u00f3n artesanal.<\/p>\n<p>Este evento planea reunir a m\u00e1s de 200 artesanos de distintas partes del pa\u00eds para exhibir sus trabajos en diversas disciplinas. Para acompa\u00f1ar esta propuesta, la Municipalidad de Col\u00f3n abri\u00f3 las inscripciones para los talleres que se ofrecer\u00e1n durante la fiesta, los cuales estar\u00e1n a cargo de figuras destacadas de la disciplina y se llevar\u00e1n a cabo entre el 8 y el 16 de febrero.<\/p>\n<p>Entre los talleres que se dictar\u00e1n, se destacan las siguientes propuestas:<\/p>\n<p>&#8211; Taller de Construcci\u00f3n de Juguetes que Funcionan: a cargo de Diego Percik, maestro juguetero y escen\u00f3grafo. El taller incluye materiales y tiene un valor de $15.000, con cupos limitados.<\/p>\n<p>&#8211; Taller de Cester\u00eda Ancestral: impartido por Roque G\u00f3mez, Rueca de Plata 2023. Este taller es gratuito y tiene cupos limitados.<\/p>\n<p>&#8211; Taller de Vitrofusi\u00f3n: coordinado por Norma Albornoz y Ver\u00f3nica Espeso. Incluye materiales y tiene un costo de $25.000, con cupos limitados.<\/p>\n<p>&#8211; Taller de Randa \u00abTejiendo Ilusiones\u00bb: a cargo de Marcela Sueldo, maestra en este arte textil. El costo es de $15.000, con cupos limitados.<\/p>\n<p>&#8211; Taller de Talla Org\u00e1nica Aplicada a la Ebanister\u00eda: coordinado por N\u00e9stor L\u00e1zaro, destacado artesano. Este taller es gratuito y tiene cupos limitados.<\/p>\n<p>&#8211; Taller de Construcci\u00f3n de Instrumentos Musicales con Materiales Reciclables: dirigido por Jorgelina Rodr\u00edguez, luthier y folklorista. Incluye materiales y tiene un costo de $15.000, con cupos limitados.<\/p>\n<p>Los interesados en participar deben inscribirse lo antes posible, ya que los cupos son limitados. Las inscripciones se pueden realizar a trav\u00e9s de la p\u00e1gina web oficial de la Municipalidad de Col\u00f3n, donde tambi\u00e9n se puede encontrar informaci\u00f3n adicional.<\/p>\n<p>Adem\u00e1s, el domingo 16, se sortear\u00e1 un auto 0 Km, una moto 110 CC 0 Km y un Smart TV, premios que ya est\u00e1n siendo promocionados a trav\u00e9s de la venta de bonos. Estos sorteos se realizar\u00e1n en el predio de la fiesta.<\/p>\n<p>Por otro lado, la grilla de artistas es otro de los grandes atractivos del evento. Durante los nueve d\u00edas de la fiesta, el p\u00fablico podr\u00e1 disfrutar de una variada programaci\u00f3n musical con artistas destacados de la escena nacional.<\/p>\n<p>GRILLA DE ARTISTAS Y VALOR DE LAS ENTRADAS<\/p>\n<p>S\u00e1bado\u00a08\u00a0(Plateas: $10.000 &#8211; $8.000)<\/p>\n<p>Emanero<\/p>\n<p>Entrada: anticipada $10.000<\/p>\n<p>General: $20.000<\/p>\n<p>Domingo\u00a09\u00a0(Plateas: $10.000 &#8211; $8.000)<\/p>\n<p>Uriel Lozano<\/p>\n<p>Un Poco de Ruido<\/p>\n<p>Entrada: $10.000<\/p>\n<p>General: $20.000<\/p>\n<p>Lunes\u00a010<\/p>\n<p>Francisco Ben\u00edtez<\/p>\n<p>Entrada Gratuita<\/p>\n<p>Martes\u00a011<\/p>\n<p>Pier<\/p>\n<p>Small Axe (Tributo a Bob Marley)<\/p>\n<p>Rompiendo Espejos (Tributo a Callejeros)<\/p>\n<p>Entrada General: $10.000 \/ Locales: $5.000<\/p>\n<p>Mi\u00e9rcoles\u00a012<\/p>\n<p>Noche de Entre R\u00edos<\/p>\n<p>Banda de la Polic\u00eda<\/p>\n<p>Catherine Vernes<\/p>\n<p>Juan Manuel Bilat<\/p>\n<p>Entrada gratuita<\/p>\n<p>Jueves\u00a013<\/p>\n<p>The La Planta<\/p>\n<p>Entradas: anticipadas: $10.000<\/p>\n<p>General $15.000.<\/p>\n<p>Viernes\u00a014\u00a0(Plateas: $10.000 &#8211; $8.000)<\/p>\n<p>Jorge Rojas<\/p>\n<p>Entrada anticipada: $10.000<\/p>\n<p>General: $20.000<\/p>\n<p>S\u00e1bado\u00a015\u00a0(Plateas: $10.000 &#8211; $8.000)<\/p>\n<p>Rodrigo Tapari<\/p>\n<p>Los Cafres<\/p>\n<p>Entrada anticipada: $10.000<\/p>\n<p>General: $20.000<\/p>\n<p>Domingo\u00a016\u00a0(Plateas: $10.000 &#8211; $8.000)<\/p>\n<p>Banda XXI<\/p>\n<p>Entrada anticipada: $10.000<\/p>\n<p>General: $15.000<\/p>\n<h6>Fuente: analisisdigital.com.ar<\/h6>\n","protected":false},"excerpt":{"rendered":"<p>La fiesta, que se llevar\u00e1 a cabo en el predio de acceso a la ciudad, contar\u00e1 con una destacada grilla de artistas nacionales y una serie de talleres exclusivos destinados a la creaci\u00f3n artesanal.\u00a0\u00a0<\/p>\n","protected":false},"author":2,"featured_media":153804,"comment_status":"closed","ping_status":"closed","sticky":false,"template":"","format":"standard","meta":{"footnotes":""},"categories":[47],"tags":[17],"class_list":["post-153802","post","type-post","status-publish","format-standard","has-post-thumbnail","hentry","category-fiestas","tag-entre-rios"],"_links":{"self":[{"href":"http:\/\/argentinamunicipal.com.ar\/argentina\/wp-json\/wp\/v2\/posts\/153802","targetHints":{"allow":["GET"]}}],"collection":[{"href":"http:\/\/argentinamunicipal.com.ar\/argentina\/wp-json\/wp\/v2\/posts"}],"about":[{"href":"http:\/\/argentinamunicipal.com.ar\/argentina\/wp-json\/wp\/v2\/types\/post"}],"author":[{"embeddable":true,"href":"http:\/\/argentinamunicipal.com.ar\/argentina\/wp-json\/wp\/v2\/users\/2"}],"replies":[{"embeddable":true,"href":"http:\/\/argentinamunicipal.com.ar\/argentina\/wp-json\/wp\/v2\/comments?post=153802"}],"version-history":[{"count":0,"href":"http:\/\/argentinamunicipal.com.ar\/argentina\/wp-json\/wp\/v2\/posts\/153802\/revisions"}],"wp:featuredmedia":[{"embeddable":true,"href":"http:\/\/argentinamunicipal.com.ar\/argentina\/wp-json\/wp\/v2\/media\/153804"}],"wp:attachment":[{"href":"http:\/\/argentinamunicipal.com.ar\/argentina\/wp-json\/wp\/v2\/media?parent=153802"}],"wp:term":[{"taxonomy":"category","embeddable":true,"href":"http:\/\/argentinamunicipal.com.ar\/argentina\/wp-json\/wp\/v2\/categories?post=153802"},{"taxonomy":"post_tag","embeddable":true,"href":"http:\/\/argentinamunicipal.com.ar\/argentina\/wp-json\/wp\/v2\/tags?post=153802"}],"curies":[{"name":"wp","href":"https:\/\/api.w.org\/{rel}","templated":true}]}}