{"id":153868,"date":"2025-02-06T05:05:00","date_gmt":"2025-02-06T08:05:00","guid":{"rendered":"http:\/\/argentinamunicipal.com.ar\/argentina\/?p=153868"},"modified":"2025-02-05T19:57:10","modified_gmt":"2025-02-05T22:57:10","slug":"reforma-constitucional-santafesina-referentes-peronistas-cuestionaron-la-concentracion-en-una-sola-persona","status":"publish","type":"post","link":"http:\/\/argentinamunicipal.com.ar\/argentina\/reforma-constitucional-santafesina-referentes-peronistas-cuestionaron-la-concentracion-en-una-sola-persona\/","title":{"rendered":"Reforma constitucional santafesina: referentes peronistas cuestionaron la \u201cconcentraci\u00f3n en una sola persona\u201d"},"content":{"rendered":"<p>Los referentes de QTP, Constanza Estepa y Joel Natali, criticaron que la reforma de la Constituci\u00f3n santafesina \u201cse limite a los intereses de los grupos concentrados\u201d y pidieron ampliar la participaci\u00f3n<\/p>\n<p>Desde el peronismo, donde impulsan una renovaci\u00f3n generacional, los referentes de QTP Constanza Estepa y Joel Natali hablaron sobre la reforma de la Constituci\u00f3n de la Provincia de Santa Fe. Tras m\u00e1s de sesenta a\u00f1os sin modificaciones, los santafesinos y santafesinas tendr\u00e1n la chance este a\u00f1o de actualizar su carta magna y para ello deber\u00e1n concurrir a las urnas el domingo 13 de abril para elegir convencionales constituyentes. En el ciclo \u2018Sin Intermediarios\u2019 de M\u00edstica.TV, el canal de QTP, Estepa y Natali analizaron las implicancias de la reforma.<\/p>\n<p>\u201cCony\u201d Estepa, docente de derecho constitucional de la U.N.R. expres\u00f3: \u201cLa reforma constitucional es pol\u00edtica, ya que las decisiones que se tomar\u00e1n estar\u00e1n mediadas por fuertes disputas de poder. En ese sentido, motivar la participaci\u00f3n popular en el debate es fundamental para evitar que los grupos concentrados impongan su agenda e intereses\u201d.<\/p>\n<p>Desde el espacio se\u00f1alaron que el peronismo santafesino \u201catraviesa un momento de mucha dispersi\u00f3n y pase de facturas, contexto que incita al joven espacio QTP a plantear nuevas reivindicaciones y metodolog\u00edas, con la intenci\u00f3n de renovar las expectativas de la sociedad en la pol\u00edtica como herramienta de transformaci\u00f3n\u201d. En este sentido, Estepa reflexion\u00f3: \u00abLos procesos de renovaci\u00f3n en la pol\u00edtica no pueden seguir esperando, porque mientras algunos se aferran a sus cargos como si fueran vitalicios, nuestra generaci\u00f3n debe empezar a desafiar el statu quo y demostrar que hay alternativas. El verdadero reto, sin embargo, no es solo entrar al debate pol\u00edtico, sino construir un proyecto que sacuda la estructura tradicional y hable directamente con los problemas de la gente, m\u00e1s all\u00e1 de las etiquetas partidarias. Solo con una propuesta disruptiva, capaz de cuestionar lo que muchos consideran intocable, se podr\u00e1 ganar la confianza de una sociedad cansada de lo mismo de siempre\u201d.<\/p>\n<p>.Por su parte, \u201cPiojo\u201d Natali, profesor de historia y empresario pyme, analiz\u00f3: \u201cHoy la clase pol\u00edtica est\u00e1 m\u00e1s preocupada por candidaturas y nombres propios que por suscitar a la participaci\u00f3n ciudadana en un proceso que, en definitiva, impactar\u00e1 en la vida cotidiana de todos los santafesinos por muchas d\u00e9cadas. La reforma tratar\u00e1 temas como la autonom\u00eda de Rosario, y a pocas semanas de las elecciones a\u00fan no sabemos qu\u00e9 proyectos tienen para la ciudad quienes aspiran a ser convencionales\u201d.<\/p>\n<p>Por \u00faltimo, Natali se expres\u00f3 acerca del debate por la autonom\u00eda municipal, uno de los temas de la Constituyente. \u201cRosario es una ciudad de un mill\u00f3n de habitantes, con un sector comercial y productivo muy importante para el pa\u00eds y es el distrito electoral m\u00e1s grande de Santa Fe. Por eso nos preguntamos \u00bfc\u00f3mo se va a discutir la autonom\u00eda de Rosario, qu\u00e9 alcances tendr\u00e1? Si la reforma constitucional no se vincula con mejoras para nuestra ciudad, va a ser una oportunidad perdida. Por eso, el tema no puede quedar en manos exclusivas del gobernador, que s\u00f3lo busca su reelecci\u00f3n, tenemos que movilizarnos para poner a nuestra ciudad en el lugar que merece estar\u201d, se\u00f1al\u00f3 el referente de QTP.<\/p>\n<p>El primer cap\u00edtulo del ciclo \u2018Sin Intermediarios\u2019 est\u00e1 disponible en el Canal de Youtube Mistica.TV y semanalmente se ir\u00e1n publicando nuevas emisiones.<\/p>\n<h6>Fuente: El Ciudadano<\/h6>\n","protected":false},"excerpt":{"rendered":"<p>Los referentes de QTP, Constanza Estepa y Joel Natali, criticaron que la reforma de la Constituci\u00f3n santafesina \u201cse limite a los intereses de los grupos concentrados\u201d y pidieron ampliar la participaci\u00f3n<\/p>\n","protected":false},"author":2,"featured_media":153869,"comment_status":"closed","ping_status":"closed","sticky":false,"template":"","format":"standard","meta":{"footnotes":""},"categories":[4],"tags":[10],"class_list":["post-153868","post","type-post","status-publish","format-standard","has-post-thumbnail","hentry","category-informe-politico","tag-santa-fe"],"_links":{"self":[{"href":"http:\/\/argentinamunicipal.com.ar\/argentina\/wp-json\/wp\/v2\/posts\/153868","targetHints":{"allow":["GET"]}}],"collection":[{"href":"http:\/\/argentinamunicipal.com.ar\/argentina\/wp-json\/wp\/v2\/posts"}],"about":[{"href":"http:\/\/argentinamunicipal.com.ar\/argentina\/wp-json\/wp\/v2\/types\/post"}],"author":[{"embeddable":true,"href":"http:\/\/argentinamunicipal.com.ar\/argentina\/wp-json\/wp\/v2\/users\/2"}],"replies":[{"embeddable":true,"href":"http:\/\/argentinamunicipal.com.ar\/argentina\/wp-json\/wp\/v2\/comments?post=153868"}],"version-history":[{"count":0,"href":"http:\/\/argentinamunicipal.com.ar\/argentina\/wp-json\/wp\/v2\/posts\/153868\/revisions"}],"wp:featuredmedia":[{"embeddable":true,"href":"http:\/\/argentinamunicipal.com.ar\/argentina\/wp-json\/wp\/v2\/media\/153869"}],"wp:attachment":[{"href":"http:\/\/argentinamunicipal.com.ar\/argentina\/wp-json\/wp\/v2\/media?parent=153868"}],"wp:term":[{"taxonomy":"category","embeddable":true,"href":"http:\/\/argentinamunicipal.com.ar\/argentina\/wp-json\/wp\/v2\/categories?post=153868"},{"taxonomy":"post_tag","embeddable":true,"href":"http:\/\/argentinamunicipal.com.ar\/argentina\/wp-json\/wp\/v2\/tags?post=153868"}],"curies":[{"name":"wp","href":"https:\/\/api.w.org\/{rel}","templated":true}]}}