{"id":153884,"date":"2025-02-06T05:40:10","date_gmt":"2025-02-06T08:40:10","guid":{"rendered":"http:\/\/argentinamunicipal.com.ar\/argentina\/?p=153884"},"modified":"2025-02-05T19:27:18","modified_gmt":"2025-02-05T22:27:18","slug":"mendoza-el-intendente-de-san-carlos-se-reunio-con-petri-para-acordar-el-destino-de-una-estancia-del-ejercito","status":"publish","type":"post","link":"http:\/\/argentinamunicipal.com.ar\/argentina\/mendoza-el-intendente-de-san-carlos-se-reunio-con-petri-para-acordar-el-destino-de-una-estancia-del-ejercito\/","title":{"rendered":"Mendoza: El intendente de San Carlos se reuni\u00f3 con Petri para acordar el destino de una estancia del Ej\u00e9rcito"},"content":{"rendered":"<p>Se trata de la estancia El Yaucha. La Naci\u00f3n la quiere vender y la comuna San Carlos pretende conservarla o en todo caso comprarla. Luis Petri interceder\u00e1<\/p>\n<p>El intendente de San Carlos,\u00a0Alejandro Morillas, parece decidido a agotar todas las instancias con tal de que la comuna pueda conservar la hist\u00f3rica\u00a0estancia El Yaucha, que es un terreno de 110.000 hect\u00e1reas propiedad del Ej\u00e9rcito Argentino, del que el Estado Nacional quiere vender una parte.<br \/>\nCon esa meta, el sancarlino acudi\u00f3 al ministro de Defensa, el mendocino\u00a0Luis Petri, para tratar de acercar posiciones.<\/p>\n<p>Es que el Estado Nacional pretende\u00a0vender 5.000 hect\u00e1reas\u00a0de la estancia El Yaucha, y la comuna no s\u00f3lo tiene proyectado all\u00ed una gran iniciativa tur\u00edstica integral, sino que adem\u00e1s defiende la posibilidad de que puedan permanecer en ese terreno unos 11 puesteros hist\u00f3ricos.<\/p>\n<p>\u00abYa ven\u00edamos hablando con el ministro, \u00e9l entendi\u00f3 la problem\u00e1tica y se mostr\u00f3 predispuesto a encontrar una soluci\u00f3n. De hecho barajamos varias alternativas para que esa porci\u00f3n de la estancia no se venda, o para que los puesteros no tengan que dejar esos terrenos en los que trabajan desde hace varias generaciones\u00bb, adelant\u00f3 Morillas.<\/p>\n<p>Seg\u00fan precis\u00f3, entre las posibilidades que habl\u00f3 con Petri est\u00e1 la chance de que los puesteros puedan obtener un\u00a0derecho supletorio\u00a0como para que no sean desalojados o incluso la chance de que\u00a0si efectivamente el Estado nacional avanza con la venta de esos terrenos, la comuna se presente como oferente\u00a0y pueda adquirirlas.<\/p>\n<p>\u00abHemos avanzado con el ministro y con los abogados de la\u00a0Agencia de Administraci\u00f3n de Bienes del Estado (AABE)\u00a0con los que tambi\u00e9n nos reunimos. Nos apremia el tiempo porque el 12 de marzo tenemos una audiencia con el juez Federal Pablo Quir\u00f3s para definir el litigio en el que la comuna se constituy\u00f3 como parte con el fin de que no se desaloje a esos puesteros\u00bb, acot\u00f3 Morillas.<\/p>\n<p><strong>Qu\u00e9 proyecta hacer Morillas para la estancia El Yaucha<\/strong><br \/>\nAmpar\u00e1ndose en todas las negociaciones que abri\u00f3 por la estancia El Yaucha, el intendente\u00a0Alejandro Morillas\u00a0se mostr\u00f3 optimista respecto de c\u00f3mo se pueda resolver el destino de esa hist\u00f3rica estancia que para\u00a0San Carlos\u00a0representa un apetecible acceso a la monta\u00f1a durante todo el a\u00f1o y que adem\u00e1s se sumar\u00eda al recorrido del Gran Sendero de los Andes, conectando esa zona que une Punta de Vacas con Las Loicas en el Sur de la provincia.<\/p>\n<p>El proyecto llamado\u00a0Desarrollo Integral Campo General Alvarado \u2013 Estancia Yaucha,\u00a0se gest\u00f3 hace m\u00e1s de 4 meses y pretende asegurarle a la comuna esa salida a la monta\u00f1a de la que hoy carece.<\/p>\n<p>\u00abNuestro pueblo no tiene un acceso a la monta\u00f1a m\u00e1s all\u00e1 de la Laguna del Diamante, que tiene accesibilidad s\u00f3lo 2 o 3 meses al a\u00f1o, y esto vendr\u00eda a darnos ese\u00a0acceso a la zona m\u00e1s alta del oeste, con cumbres de 5.000 metros sobre el nivel del mar. Adem\u00e1s, en la parte baja del campo tiene puesteros que trabajan con ganado mayor y menor de forma extensiva en pasturas nativas. Es una actividad productiva y cultural que ha sido transmitida de generaci\u00f3n en generaci\u00f3n por m\u00e1s de un siglo\u00bb, rescat\u00f3 Morillas.<\/p>\n<p>Precisamente por este proyecto, el intendente de Ciudad, Ulpiano Suarez, tambi\u00e9n sali\u00f3 a respaldar a su par sancarlino, porque entiende que preservar esa estancia le asegura a\u00a0San Carlos\u00a0ser parte de ese proyecto tur\u00edstico provincial que promociona ese recorrido de unos 78 kil\u00f3metros de pura monta\u00f1a mendocina.<\/p>\n<h6>Fuente: Uno<\/h6>\n","protected":false},"excerpt":{"rendered":"<p>Se trata de la estancia El Yaucha. La Naci\u00f3n la quiere vender y la comuna San Carlos pretende conservarla o en todo caso comprarla. Luis Petri interceder\u00e1<\/p>\n","protected":false},"author":2,"featured_media":153885,"comment_status":"closed","ping_status":"closed","sticky":false,"template":"","format":"standard","meta":{"footnotes":""},"categories":[2],"tags":[31],"class_list":["post-153884","post","type-post","status-publish","format-standard","has-post-thumbnail","hentry","category-informe-municipal","tag-mendoza"],"_links":{"self":[{"href":"http:\/\/argentinamunicipal.com.ar\/argentina\/wp-json\/wp\/v2\/posts\/153884","targetHints":{"allow":["GET"]}}],"collection":[{"href":"http:\/\/argentinamunicipal.com.ar\/argentina\/wp-json\/wp\/v2\/posts"}],"about":[{"href":"http:\/\/argentinamunicipal.com.ar\/argentina\/wp-json\/wp\/v2\/types\/post"}],"author":[{"embeddable":true,"href":"http:\/\/argentinamunicipal.com.ar\/argentina\/wp-json\/wp\/v2\/users\/2"}],"replies":[{"embeddable":true,"href":"http:\/\/argentinamunicipal.com.ar\/argentina\/wp-json\/wp\/v2\/comments?post=153884"}],"version-history":[{"count":0,"href":"http:\/\/argentinamunicipal.com.ar\/argentina\/wp-json\/wp\/v2\/posts\/153884\/revisions"}],"wp:featuredmedia":[{"embeddable":true,"href":"http:\/\/argentinamunicipal.com.ar\/argentina\/wp-json\/wp\/v2\/media\/153885"}],"wp:attachment":[{"href":"http:\/\/argentinamunicipal.com.ar\/argentina\/wp-json\/wp\/v2\/media?parent=153884"}],"wp:term":[{"taxonomy":"category","embeddable":true,"href":"http:\/\/argentinamunicipal.com.ar\/argentina\/wp-json\/wp\/v2\/categories?post=153884"},{"taxonomy":"post_tag","embeddable":true,"href":"http:\/\/argentinamunicipal.com.ar\/argentina\/wp-json\/wp\/v2\/tags?post=153884"}],"curies":[{"name":"wp","href":"https:\/\/api.w.org\/{rel}","templated":true}]}}