{"id":153909,"date":"2025-02-10T05:14:31","date_gmt":"2025-02-10T08:14:31","guid":{"rendered":"http:\/\/argentinamunicipal.com.ar\/argentina\/?p=153909"},"modified":"2025-02-05T20:21:07","modified_gmt":"2025-02-05T23:21:07","slug":"fiesta-de-los-jardines-2025-en-villa-la-angostura-14-de-febrero","status":"publish","type":"post","link":"http:\/\/argentinamunicipal.com.ar\/argentina\/fiesta-de-los-jardines-2025-en-villa-la-angostura-14-de-febrero\/","title":{"rendered":"Fiesta de los Jardines 2025 en Villa La Angostura, 14 de febrero"},"content":{"rendered":"<p>La Fiesta de los Jardines 2025 ser\u00e1 del 14 al 16 de febrero en Villa La Angostura. El evento se realizar\u00e1 en el predio del CEF 7 de Villa La Angostura y contar\u00e1 con una pluralidad de artista tanto locales y como nacionales.<\/p>\n<p>Adem\u00e1s, contar\u00e1 con dos momentos que representan la identidad del festival: el concurso de los jardines y el desfile de carrozas. Para este \u00faltimo, la inscripci\u00f3n ya est\u00e1 abierta.<\/p>\n<p>Fiesta de los Jardines 2025 en Villa La Angostura: grilla de artistas<\/p>\n<p>Esta nueva edici\u00f3n\u00a0viene acompa\u00f1ada de una gran grilla de artistas.\u00a0Desde el municipio de Villa La Angostura\u00a0ya dieron a conocer los confirmados:<\/p>\n<p><strong>D\u00eda 1: Viernes 14 de febrero<\/strong><\/p>\n<p>Los\u00a0Caligaris.<br \/>\nCompa\u00f1\u00eda\u00a0Phaway.<\/p>\n<p><strong>D\u00eda 2: S\u00e1bado 15 de febrero<\/strong><\/p>\n<p>Los\u00a0Totora.<\/p>\n<p><strong>D\u00eda 3: Domingo 16 de febrero<\/strong><\/p>\n<p>Con un gran cierre\u00a0la Bersuit.<br \/>\nSi bien, ya est\u00e1n confirmados los artistas nacionales, realizaron\u00a0una amplia convocatoria para que bandas y artistas locales tambi\u00e9n se suban al gran escenario.<\/p>\n<p>Fiesta de los Jardines 2025 en Villa La Angostura: convocatoria para el desfile de carrozas<\/p>\n<p>Una de las actividades\u00a0m\u00e1s representativas del festival es el desfile de carrazas,\u00a0que le da color a la ciudad. Desde la Municipalidad abrieron la inscripci\u00f3n para quienes quieran ser parte.<\/p>\n<h6>Fuente: Rio Negro<\/h6>\n","protected":false},"excerpt":{"rendered":"<p>La Fiesta de los Jardines 2025 ser\u00e1 del 14 al 16 de febrero en Villa La Angostura. El evento se realizar\u00e1 en el predio del CEF 7 de Villa La Angostura y contar\u00e1 con una pluralidad de artista tanto locales y como nacionales.<\/p>\n","protected":false},"author":2,"featured_media":153910,"comment_status":"closed","ping_status":"closed","sticky":false,"template":"","format":"standard","meta":{"footnotes":""},"categories":[47],"tags":[23],"class_list":["post-153909","post","type-post","status-publish","format-standard","has-post-thumbnail","hentry","category-fiestas","tag-neuquen"],"_links":{"self":[{"href":"http:\/\/argentinamunicipal.com.ar\/argentina\/wp-json\/wp\/v2\/posts\/153909","targetHints":{"allow":["GET"]}}],"collection":[{"href":"http:\/\/argentinamunicipal.com.ar\/argentina\/wp-json\/wp\/v2\/posts"}],"about":[{"href":"http:\/\/argentinamunicipal.com.ar\/argentina\/wp-json\/wp\/v2\/types\/post"}],"author":[{"embeddable":true,"href":"http:\/\/argentinamunicipal.com.ar\/argentina\/wp-json\/wp\/v2\/users\/2"}],"replies":[{"embeddable":true,"href":"http:\/\/argentinamunicipal.com.ar\/argentina\/wp-json\/wp\/v2\/comments?post=153909"}],"version-history":[{"count":0,"href":"http:\/\/argentinamunicipal.com.ar\/argentina\/wp-json\/wp\/v2\/posts\/153909\/revisions"}],"wp:featuredmedia":[{"embeddable":true,"href":"http:\/\/argentinamunicipal.com.ar\/argentina\/wp-json\/wp\/v2\/media\/153910"}],"wp:attachment":[{"href":"http:\/\/argentinamunicipal.com.ar\/argentina\/wp-json\/wp\/v2\/media?parent=153909"}],"wp:term":[{"taxonomy":"category","embeddable":true,"href":"http:\/\/argentinamunicipal.com.ar\/argentina\/wp-json\/wp\/v2\/categories?post=153909"},{"taxonomy":"post_tag","embeddable":true,"href":"http:\/\/argentinamunicipal.com.ar\/argentina\/wp-json\/wp\/v2\/tags?post=153909"}],"curies":[{"name":"wp","href":"https:\/\/api.w.org\/{rel}","templated":true}]}}