{"id":153928,"date":"2025-02-07T05:19:38","date_gmt":"2025-02-07T08:19:38","guid":{"rendered":"http:\/\/argentinamunicipal.com.ar\/argentina\/?p=153928"},"modified":"2025-02-06T19:22:34","modified_gmt":"2025-02-06T22:22:34","slug":"jubilados-de-mendoza-cumplieron-un-ano-y-50-marchas-en-reclamo-por-el-ajuste-salarial-y-los-remedios","status":"publish","type":"post","link":"http:\/\/argentinamunicipal.com.ar\/argentina\/jubilados-de-mendoza-cumplieron-un-ano-y-50-marchas-en-reclamo-por-el-ajuste-salarial-y-los-remedios\/","title":{"rendered":"Jubilados de Mendoza cumplieron un a\u00f1o y 50 marchas en reclamo por el ajuste salarial y los remedios"},"content":{"rendered":"<p>Jubilados y pensionados de Mendoza llegaron este mi\u00e9rcoles a la marcha n\u00famero 50, con reclamos a Javier Milei y Alfredo Cornejo<\/p>\n<p>Una nueva\u00a0marcha\u00a0-la n\u00famero 50- tuvo como protagonistas a un grupo de\u00a0jubilados,este mi\u00e9rcoles en la paza San Mart\u00edn para concluir en la sede del Pami Mendoza, en calle Espa\u00f1a de Ciudad.<\/p>\n<p>Los reclamos se centraron en el ajuste salarial que sufrieron en el inicio del gobierno de Javier Milei y las restricciones para obtener remedios tambi\u00e9n por resoluci\u00f3n de la administraci\u00f3n nacional. Igualmente las quejas alcanzaron tambi\u00e9n a Alfredo Cornejo.<\/p>\n<p>El grupo de jubilados y pensionados responde al nombre de Jubipen y no se identifica con nin\u00fan partdio pol\u00edtico. La primera marcha se hizo en febrero del a\u00f1o pasado y desde entoncas cada mi\u00e9rcolers se repiten las movilizaciones.<\/p>\n<p>\u00abMilei, Cornejo, les roban a los viejos\u00bb, se\u00f1alaban los mayores, que llevaban pancartas, que en su mayor\u00eda criticaban el ajuste de sueldos resuelto por gobierno nacional y la restricci\u00f3n de medicamentos.<\/p>\n<p>Tras la ronda por la plaza San Mart\u00edn los\u00a0jubilados\u00a0autoconvocados marcharon a la sede de PAMI, en calle Espa\u00f1a, donde reclamaron, sin \u00e9xito, que alg\u00fan representante los atendiera.<\/p>\n<p>Se calcula que participaron unas 200 personas, entre ellas\u00a0Vilma Rupolo, directora de varias Vendimias y vinculada al mundo del teatro mendocino.<\/p>\n<p>Mientras los\u00a0jubilados\u00a0marchaban contaban con la adhesi\u00f3n y apoyo de numerosos transe\u00fantes, especialmente veh\u00edculos que acompa\u00f1aron con bocinas, al igual que los choferes de micros y camiones.<\/p>\n<h6>Fuente: Uno<\/h6>\n","protected":false},"excerpt":{"rendered":"<p>Jubilados y pensionados de Mendoza llegaron este mi\u00e9rcoles a la marcha n\u00famero 50, con reclamos a Javier Milei y Alfredo Cornejo<\/p>\n","protected":false},"author":2,"featured_media":153929,"comment_status":"closed","ping_status":"closed","sticky":false,"template":"","format":"standard","meta":{"footnotes":""},"categories":[65],"tags":[31],"class_list":["post-153928","post","type-post","status-publish","format-standard","has-post-thumbnail","hentry","category-provincias","tag-mendoza"],"_links":{"self":[{"href":"http:\/\/argentinamunicipal.com.ar\/argentina\/wp-json\/wp\/v2\/posts\/153928","targetHints":{"allow":["GET"]}}],"collection":[{"href":"http:\/\/argentinamunicipal.com.ar\/argentina\/wp-json\/wp\/v2\/posts"}],"about":[{"href":"http:\/\/argentinamunicipal.com.ar\/argentina\/wp-json\/wp\/v2\/types\/post"}],"author":[{"embeddable":true,"href":"http:\/\/argentinamunicipal.com.ar\/argentina\/wp-json\/wp\/v2\/users\/2"}],"replies":[{"embeddable":true,"href":"http:\/\/argentinamunicipal.com.ar\/argentina\/wp-json\/wp\/v2\/comments?post=153928"}],"version-history":[{"count":0,"href":"http:\/\/argentinamunicipal.com.ar\/argentina\/wp-json\/wp\/v2\/posts\/153928\/revisions"}],"wp:featuredmedia":[{"embeddable":true,"href":"http:\/\/argentinamunicipal.com.ar\/argentina\/wp-json\/wp\/v2\/media\/153929"}],"wp:attachment":[{"href":"http:\/\/argentinamunicipal.com.ar\/argentina\/wp-json\/wp\/v2\/media?parent=153928"}],"wp:term":[{"taxonomy":"category","embeddable":true,"href":"http:\/\/argentinamunicipal.com.ar\/argentina\/wp-json\/wp\/v2\/categories?post=153928"},{"taxonomy":"post_tag","embeddable":true,"href":"http:\/\/argentinamunicipal.com.ar\/argentina\/wp-json\/wp\/v2\/tags?post=153928"}],"curies":[{"name":"wp","href":"https:\/\/api.w.org\/{rel}","templated":true}]}}