{"id":153999,"date":"2025-02-10T19:42:22","date_gmt":"2025-02-10T22:42:22","guid":{"rendered":"http:\/\/argentinamunicipal.com.ar\/argentina\/?p=153999"},"modified":"2025-02-10T19:42:22","modified_gmt":"2025-02-10T22:42:22","slug":"santa-fe-principales-listas-para-la-eleccion-de-convencionales-constituyentes","status":"publish","type":"post","link":"http:\/\/argentinamunicipal.com.ar\/argentina\/santa-fe-principales-listas-para-la-eleccion-de-convencionales-constituyentes\/","title":{"rendered":"Santa Fe: principales listas para la elecci\u00f3n de convencionales constituyentes"},"content":{"rendered":"<p>Se confirmaron las candidaturas en una jornada de intensas reuniones pol\u00edticas.<\/p>\n<p>Las principales listas para la elecci\u00f3n de convencionales constituyentes del 13 de abril fueron definidas este viernes.<\/p>\n<p>Unidos para Cambiar Santa Fe llevar\u00e1 a\u00a0Maximiliano Pullaro, Germana Figueroa Casas, Lionella Cattalini, Lucas Galdeano y Josefina Del R\u00edo.<\/p>\n<p>El\u00a0Partido Justicialista\u00a0present\u00f3 su lista con\u00a0Juan Monteverde, Alejandra Rodenas, Diego Giuliano, Lucila De Ponti, Pablo Corsalini y en sexto lugar, la Dra. Jaquelina Ana Balangione.<\/p>\n<p>El justicialismo defini\u00f3 su lista tras intensas reuniones en el Senado, y este lunes las juntas electorales presentar\u00e1n oficialmente todas las listas ante el Tribunal Electoral de Santa Fe.<\/p>\n<p>La lista de\u00a0Marcelo Lewandoski\u00a0tendr\u00e1 en el segundo lugar a\u00a0Victoria Capoccetti, en el tercero\u00a0Rub\u00e9n Giustiniani, en el cuarto lugar\u00a0Eugenia Mart\u00ednez, en el quinto espacio ir\u00e1\u00a0Enri Vallejos,\u00a0Silvina Frana\u00a0en el sexto,\u00a0Pablo Cerr\u00e1\u00a0en el s\u00e9ptimo, en el octavo\u00a0Marcela Tani, en el noveno\u00a0Luis Maria Caterina\u00a0y\u00a0Rita Lasus\u00a0en el d\u00e9cimo lugar.<\/p>\n<p>Brodsky, periodista deportivo y hombre muy cercano a Lewandowski, ser\u00e1 quien encabece la lista de concejales que representar\u00e1 al senador en la ciudad. El sector peronista ir\u00e1 por fuera de la estructura partidaria.<\/p>\n<p>En segundo lugar ir\u00e1\u00a0Agustina Donnet, exdiputada provincial, y detr\u00e1s ir\u00eda David Priolo, hombre de Silvina Frana. En tanto, a los nombres del exfutbolista C\u00e9sar \u201cChelito\u201d Delgado y la dirigente gremial de la UOM Silvana Teisa para el Concejo de Rosario, sum\u00f3 para el tercer lugar a Alejandro Ziglioli, del sindicato de Luz y Fuerza.<\/p>\n<p>La Libertad Avanza presentar\u00e1 a\u00a0Nicol\u00e1s Mayoraz, Romina Armas Belavi y Mario Peyrano, mientras que Somos Vida y Libertad competir\u00e1 con\u00a0Amalia Granata, Juan Arga\u00f1araz, Silvia Malfesi, Emiliano Peralta y Lucila Lehmann.\u00a0Eugenio Malaponte\u00a0ser\u00e1 el candidato a constituyente por el departamento Rosario.<\/p>\n<p>El\u00a0Frente Amplio por la Soberan\u00eda\u00a0oficializ\u00f3 su lista con\u00a0Claudia Balagu\u00e9, Leo Caruana, Griselda Tessio, Guillermo Campana y Ver\u00f3nica Benas* como convencionales por distrito \u00fanico, y\u00a0Lorena Carbajal\u00a0como candidata por el departamento Rosario.<\/p>\n<p>En tanto, para el\u00a0Concejo Municipal de Rosario, el\u00a0Frente Amplio por la Soberan\u00eda\u00a0\u00a0llevar\u00e1 a\u00a0Mercedes Meier, Facundo Peralta y Sof\u00eda Botto\u00a0como principales candidatos.<\/p>\n<p>Por su parte, el\u00a0Frente de Izquierda\u00a0llevar\u00e1 como candidatos a\u00a0Carla Deiana, Lautaro Habibi y Daniela Vergara\u00a0como convencionales por distrito \u00fanico, y a\u00a0Franco Casasola\u00a0como constituyente por el departamento Rosario.<\/p>\n<p>Este lunes, las juntas electorales presentar\u00e1n las listas oficiales ante el Tribunal Electoral de Santa Fe.<\/p>\n<p>En la elecci\u00f3n de convencionales del\u00a013 de abril\u00a0se elegir\u00e1n en forma directa 50 integrantes de la futura por sistema D&#8217;Hont mientras que los 19 restantes surgir\u00e1n de cada uno de los departamentos que conforman la provincia.<br \/>\nLa Ley N\u00ba 14.384 declar\u00f3 la necesidad de la reforma de la Constituci\u00f3n provincial, texto constitucional que rige desde abril de 1962. La ley habilit\u00f3 una serie de temas para considerar por los convencionales.<\/p>\n<h6>Fuente: Sin Mordaza<\/h6>\n","protected":false},"excerpt":{"rendered":"<p>Se confirmaron las candidaturas en una jornada de intensas reuniones pol\u00edticas.\u00a0<\/p>\n","protected":false},"author":2,"featured_media":154000,"comment_status":"closed","ping_status":"closed","sticky":false,"template":"","format":"standard","meta":{"footnotes":""},"categories":[4],"tags":[10],"class_list":["post-153999","post","type-post","status-publish","format-standard","has-post-thumbnail","hentry","category-informe-politico","tag-santa-fe"],"_links":{"self":[{"href":"http:\/\/argentinamunicipal.com.ar\/argentina\/wp-json\/wp\/v2\/posts\/153999","targetHints":{"allow":["GET"]}}],"collection":[{"href":"http:\/\/argentinamunicipal.com.ar\/argentina\/wp-json\/wp\/v2\/posts"}],"about":[{"href":"http:\/\/argentinamunicipal.com.ar\/argentina\/wp-json\/wp\/v2\/types\/post"}],"author":[{"embeddable":true,"href":"http:\/\/argentinamunicipal.com.ar\/argentina\/wp-json\/wp\/v2\/users\/2"}],"replies":[{"embeddable":true,"href":"http:\/\/argentinamunicipal.com.ar\/argentina\/wp-json\/wp\/v2\/comments?post=153999"}],"version-history":[{"count":0,"href":"http:\/\/argentinamunicipal.com.ar\/argentina\/wp-json\/wp\/v2\/posts\/153999\/revisions"}],"wp:featuredmedia":[{"embeddable":true,"href":"http:\/\/argentinamunicipal.com.ar\/argentina\/wp-json\/wp\/v2\/media\/154000"}],"wp:attachment":[{"href":"http:\/\/argentinamunicipal.com.ar\/argentina\/wp-json\/wp\/v2\/media?parent=153999"}],"wp:term":[{"taxonomy":"category","embeddable":true,"href":"http:\/\/argentinamunicipal.com.ar\/argentina\/wp-json\/wp\/v2\/categories?post=153999"},{"taxonomy":"post_tag","embeddable":true,"href":"http:\/\/argentinamunicipal.com.ar\/argentina\/wp-json\/wp\/v2\/tags?post=153999"}],"curies":[{"name":"wp","href":"https:\/\/api.w.org\/{rel}","templated":true}]}}