{"id":154104,"date":"2025-02-14T05:16:33","date_gmt":"2025-02-14T08:16:33","guid":{"rendered":"http:\/\/argentinamunicipal.com.ar\/argentina\/?p=154104"},"modified":"2025-02-13T06:23:53","modified_gmt":"2025-02-13T09:23:53","slug":"gualeguaychu-brilla-con-su-carnaval-lujo-tradicion-y-nuevos-desafios","status":"publish","type":"post","link":"http:\/\/argentinamunicipal.com.ar\/argentina\/gualeguaychu-brilla-con-su-carnaval-lujo-tradicion-y-nuevos-desafios\/","title":{"rendered":"Gualeguaych\u00fa brilla con su carnaval: lujo, tradici\u00f3n y nuevos desaf\u00edos"},"content":{"rendered":"<p>Las fechas programadas en los pr\u00f3ximos d\u00edas son: 1, 8, 15 y 22 de febrero y 1, 2 y 3 de Marzo<\/p>\n<p>El carnaval de Gualeguaych\u00fa, uno de los espect\u00e1culos m\u00e1s emblem\u00e1ticos de Argentina, arranc\u00f3 su temporada con el brillo y la magia que lo caracterizan. Seg\u00fan Fernando Zubillaga, secretario de Turismo de Gualeguaych\u00fa, el evento no solo es un despliegue de color y m\u00fasica, sino tambi\u00e9n el resultado de un arduo trabajo anual que involucra a cientos de artistas, t\u00e9cnicos y organizaciones.<\/p>\n<p>\u201cCada enero comienza con mucha expectativa. Este espect\u00e1culo tiene un trasfondo muy fuerte en lo art\u00edstico y cultural, y cada club de los cinco que integran la comisi\u00f3n aporta su dedicaci\u00f3n para crear algo \u00fanico\u201d, explic\u00f3 Zubillaga. Las comparsas, compuestas por m\u00e1s de 300 integrantes cada una, deslumbran con trajes majestuosos y carrozas impresionantes, elementos que representan inversiones millonarias.<\/p>\n<p>El carnaval atrae a miles de visitantes de diferentes partes del pa\u00eds y de Uruguay. Este a\u00f1o, con cuatro noches ya realizadas, el \u00faltimo s\u00e1bado fue una m\u00e1s de las noches m\u00e1gicas del evento.<\/p>\n<p>Zubillaga, invit\u00f3 a quienes a\u00fan no han asistido a vivir la experiencia del carnaval de Gualeguaych\u00fa. \u201cEs un espect\u00e1culo digno de verse y de vivirse, con una felicidad enorme que se siente en el aire. Estamos trabajando para que cada a\u00f1o sea mejor, siempre pensando en ofrecer lo mejor a nuestros visitantes\u201d.<\/p>\n<p>El tradicional Carnaval de Gualeguaych\u00fa 2025\u00a0comenz\u00f3 el s\u00e1bado 4 de enero, con una noche llena de m\u00fasica, color y alegr\u00eda. Durante el acto de apertura, previo al gran despliegue de las comparsas, se realiz\u00f3 el tradicional\u00a0corte de cinta\u00a0del que participaron el gobernador de Entre R\u00edos, Rogelio Frigerio, Jos\u00e9 Bereciartu, presidente de la\u00a0Comisi\u00f3n del Carnaval, y el intendente local Mauricio Davico, pol\u00edtico y conocido tambi\u00e9n por su carrera como percusionista del grupo de cumbia R\u00e1faga.<\/p>\n<p>Una docena de carrozas continuar\u00e1n siendo las estrellas de cada noche de los s\u00e1bados de verano, incluido el fin de semana de feriado largo de carrnaval. Las\u00a0fechas programadas\u00a0en los pr\u00f3ximos d\u00edas son:\u00a01, 8, 15 y 22 de febrero y 1, 2 y 3 de Marzo, cuando finalizar\u00e1. El Cors\u00f3dromo abre sus puertas a las 20 horas, y el espect\u00e1culo comienza a las 21:30 horas.<\/p>\n<h6>Fuente: Sin Mordaza<\/h6>\n","protected":false},"excerpt":{"rendered":"<p>Las fechas programadas en los pr\u00f3ximos d\u00edas son: 1, 8, 15 y 22 de febrero y 1, 2 y 3 de Marzo<\/p>\n","protected":false},"author":2,"featured_media":154105,"comment_status":"closed","ping_status":"closed","sticky":false,"template":"","format":"standard","meta":{"footnotes":""},"categories":[47],"tags":[17],"class_list":["post-154104","post","type-post","status-publish","format-standard","has-post-thumbnail","hentry","category-fiestas","tag-entre-rios"],"_links":{"self":[{"href":"http:\/\/argentinamunicipal.com.ar\/argentina\/wp-json\/wp\/v2\/posts\/154104","targetHints":{"allow":["GET"]}}],"collection":[{"href":"http:\/\/argentinamunicipal.com.ar\/argentina\/wp-json\/wp\/v2\/posts"}],"about":[{"href":"http:\/\/argentinamunicipal.com.ar\/argentina\/wp-json\/wp\/v2\/types\/post"}],"author":[{"embeddable":true,"href":"http:\/\/argentinamunicipal.com.ar\/argentina\/wp-json\/wp\/v2\/users\/2"}],"replies":[{"embeddable":true,"href":"http:\/\/argentinamunicipal.com.ar\/argentina\/wp-json\/wp\/v2\/comments?post=154104"}],"version-history":[{"count":0,"href":"http:\/\/argentinamunicipal.com.ar\/argentina\/wp-json\/wp\/v2\/posts\/154104\/revisions"}],"wp:featuredmedia":[{"embeddable":true,"href":"http:\/\/argentinamunicipal.com.ar\/argentina\/wp-json\/wp\/v2\/media\/154105"}],"wp:attachment":[{"href":"http:\/\/argentinamunicipal.com.ar\/argentina\/wp-json\/wp\/v2\/media?parent=154104"}],"wp:term":[{"taxonomy":"category","embeddable":true,"href":"http:\/\/argentinamunicipal.com.ar\/argentina\/wp-json\/wp\/v2\/categories?post=154104"},{"taxonomy":"post_tag","embeddable":true,"href":"http:\/\/argentinamunicipal.com.ar\/argentina\/wp-json\/wp\/v2\/tags?post=154104"}],"curies":[{"name":"wp","href":"https:\/\/api.w.org\/{rel}","templated":true}]}}