{"id":154153,"date":"2025-02-17T05:28:21","date_gmt":"2025-02-17T08:28:21","guid":{"rendered":"http:\/\/argentinamunicipal.com.ar\/argentina\/?p=154153"},"modified":"2025-02-14T06:32:59","modified_gmt":"2025-02-14T09:32:59","slug":"fiesta-del-penacho-amarillo-puerto-deseado-22-y-23-de-febrero","status":"publish","type":"post","link":"http:\/\/argentinamunicipal.com.ar\/argentina\/fiesta-del-penacho-amarillo-puerto-deseado-22-y-23-de-febrero\/","title":{"rendered":"Fiesta del Penacho Amarillo, Puerto Deseado, 22 y 23 de febrero"},"content":{"rendered":"<p>La VI edici\u00f3n de la Fiesta del penancho Amarillo tendr\u00e1 lugar durante el fin de semana del 22 y 23 de febrero en Puerto Deseado. \u201cLa gente viene pidiendo el festival y la idea era poder cumplir\u201d, remarc\u00f3 Marcelo Railef, director de cultura, en di\u00e1logo con TiempoSur.<\/p>\n<p>Si bien este festival popular tuvo su primera edici\u00f3n en 2011, a lo largo de este tiempo su realizaci\u00f3n ha sido interrumpida por diversos factores, aunque de todas formas se ha convertido en un distintivo del lugar.<\/p>\n<p>Ser el unico lugar del continente en poder disfrutar de la llegada de los pinguinos de penacho amarillo, sin dudas merece una distinci\u00f3n aparte, por lo que\u00a0desde la direcci\u00f3n de cultura y la secretaria de turismo de Puerto Deseado trabajan en definir los detalles de lo que sera una nueva edicoin del festival.<\/p>\n<p>Asi el Festival del Penacho Amarillo se convierte en una opcion para visitar un lugar de repleta naturaleza, pero ademas acercarse a su produccion artesanal, sus atractivos gastronomicos ligados al mar, y una grilla de artistas de la region que ponen en valor la calidad cultural de la patagonia. Esta edici\u00f3n 2025 tendr\u00e1 lugar el 22 y 23 de febrero en el Anfiteatro Tuny Armend\u00e1riz de la localidad deseadense, donde se espera vivir una noche a puro ritmo cuando se suba al escenario para cerrar la fiesta, la popular banda La Delio Valdez.<\/p>\n<p>En di\u00e1logo con TiempoSur, Marcelo Railef, director de cultura de Puerto Deseado, manifest\u00f3 que \u201csiempre fue la intenci\u00f3n de la gesti\u00f3n realizar el evento, pero la realidad es que si bien la fecha caracter\u00edstica es el mes de diciembre, el a\u00f1o pasado no se puedo realizar por el cambio de gesti\u00f3n, y este a\u00f1o decidimos aplazar la fecha, por una cuesti\u00f3n econ\u00f3mica y atendiendo que el municipio deb\u00eda resolver otras prioridades\u201d, y explic\u00f2: \u201cEn este sentido la fecha m\u00e1xima que encontramos es en febrero, adem\u00e1s con la decisi\u00f3n de sumarlo al mes del carnaval, al cual dimos inicio con una actividad esta semana, sumaremos el evento del 14, 15, 16 en el marco del carnaval y el 22 y 23 de febrero tendrtemos el Festival del Penacho Amarillo, cerrando con el feriado nacional de carnavales todo un mes de actividades\u201d.<\/p>\n<p>Railef adelant\u00f3 que \u201cal momento hay m\u00e1s de 40 puestos gastron\u00f3micos, tendremos tambi\u00e9n la participaci\u00f3n de los artesanos. La gente viene pidiendo el festival y la idea era poder cumplir. Se espera mucho este evento, y la comunidad se prepara. Mueve el turismo y la econom\u00eda local\u201d.<\/p>\n<h6>Fuente: Tiempo Sur<\/h6>\n","protected":false},"excerpt":{"rendered":"<p>La VI edici\u00f3n de la Fiesta del penancho Amarillo tendr\u00e1 lugar durante el fin de semana del 22 y 23 de febrero en Puerto Deseado. \u201cLa gente viene pidiendo el festival y la idea era poder cumplir\u201d<\/p>\n","protected":false},"author":2,"featured_media":154154,"comment_status":"closed","ping_status":"closed","sticky":false,"template":"","format":"standard","meta":{"footnotes":""},"categories":[47],"tags":[29],"class_list":["post-154153","post","type-post","status-publish","format-standard","has-post-thumbnail","hentry","category-fiestas","tag-santa-cruz"],"_links":{"self":[{"href":"http:\/\/argentinamunicipal.com.ar\/argentina\/wp-json\/wp\/v2\/posts\/154153","targetHints":{"allow":["GET"]}}],"collection":[{"href":"http:\/\/argentinamunicipal.com.ar\/argentina\/wp-json\/wp\/v2\/posts"}],"about":[{"href":"http:\/\/argentinamunicipal.com.ar\/argentina\/wp-json\/wp\/v2\/types\/post"}],"author":[{"embeddable":true,"href":"http:\/\/argentinamunicipal.com.ar\/argentina\/wp-json\/wp\/v2\/users\/2"}],"replies":[{"embeddable":true,"href":"http:\/\/argentinamunicipal.com.ar\/argentina\/wp-json\/wp\/v2\/comments?post=154153"}],"version-history":[{"count":0,"href":"http:\/\/argentinamunicipal.com.ar\/argentina\/wp-json\/wp\/v2\/posts\/154153\/revisions"}],"wp:featuredmedia":[{"embeddable":true,"href":"http:\/\/argentinamunicipal.com.ar\/argentina\/wp-json\/wp\/v2\/media\/154154"}],"wp:attachment":[{"href":"http:\/\/argentinamunicipal.com.ar\/argentina\/wp-json\/wp\/v2\/media?parent=154153"}],"wp:term":[{"taxonomy":"category","embeddable":true,"href":"http:\/\/argentinamunicipal.com.ar\/argentina\/wp-json\/wp\/v2\/categories?post=154153"},{"taxonomy":"post_tag","embeddable":true,"href":"http:\/\/argentinamunicipal.com.ar\/argentina\/wp-json\/wp\/v2\/tags?post=154153"}],"curies":[{"name":"wp","href":"https:\/\/api.w.org\/{rel}","templated":true}]}}