{"id":154264,"date":"2025-02-24T06:37:41","date_gmt":"2025-02-24T09:37:41","guid":{"rendered":"http:\/\/argentinamunicipal.com.ar\/argentina\/?p=154264"},"modified":"2025-02-24T06:37:41","modified_gmt":"2025-02-24T09:37:41","slug":"quienes-son-los-candidatos-a-convencionales-por-la-ciudad-de-santa-fe","status":"publish","type":"post","link":"http:\/\/argentinamunicipal.com.ar\/argentina\/quienes-son-los-candidatos-a-convencionales-por-la-ciudad-de-santa-fe\/","title":{"rendered":"Qui\u00e9nes son los candidatos a convencionales por la ciudad de Santa Fe"},"content":{"rendered":"<p>Son 12 listas y cada una presenta un titular y un suplente. Por el oficialismo va Garibaldi y el PJ no lleg\u00f3 a la unidad por lo que hay distintos sectores. Aparece Perman, una periodista y el l\u00edder de una comunidad Qom.<\/p>\n<p>Este jueves por la noche,\u00a0tal como cont\u00f3 El Litoral, se oficializaron las listas de candidatos a Convencionales Constituyentes que participar\u00e1n en las elecciones del 13 de abril y luego ser\u00e1n los encargados de reformar la Constituci\u00f3n provincial. Como se recordar\u00e1, ese mismo domingo se desarrollar\u00e1n las PASO en Santa Fe.<\/p>\n<p>Adem\u00e1s de cada departamento, que aporta un convencional, habr\u00e1 un \u00abdistrito \u00fanico\u00bb en donde se seleccionar\u00e1n 50 reformistas. En esta categor\u00eda se postulan, entre otros, el gobernador\u00a0Pullaro, el diputado nacional Mayoraz y el senador nacional Lewandowski.<\/p>\n<p><strong>Convencional capitalino<\/strong><br \/>\nPuntualmente, por el dpto La Capital se presentaron una docena de listas, cada una integrada por un candidato titular y otro suplente. Por el oficialismo, encabeza la lista Julio \u201cPaco\u201d\u00a0Garibaldi, actual senador provincial. El legislador tendr\u00e1 como suplente a Adriana Molina, actual concejal de la ciudad de Santa Fe.<\/p>\n<p>Con el peronismo provincial fragmentado, hay postulantes que se presentan por espacios diferentes. Por ejemplo, Marcelo\u00a0Lewandowski\u00a0(actual senador nacional y ex candidato a gobernador) encabeza \u201cActivemos\u201d, una mesa con peronistas, socialistas y de otras agrupaciones.<\/p>\n<p>Esta lista en La Capital, estar\u00e1 representada por Agustina\u00a0Donnet, ex diputada provincial y colega de Rub\u00e9n Giustiniani. Caso similar para Mart\u00edn\u00a0Gainza, ex funcionario y perteneciente al Frente Renovador (Sergio Massa), quien encabeza la lista \u201cM\u00e1s para Santa Fe\u201d y est\u00e1 secundado por Victoria Bernal.<\/p>\n<p>Los llamados outsiders tambi\u00e9n juegan su elecci\u00f3n para llegar a la Convenci\u00f3n que reforme la Carta Magna provincial. Aparece el concejal\u00a0Sa\u00fal Perman, la periodista y conductora Ana Cantiani por La Libertad Avanza.<\/p>\n<p>Tambi\u00e9n otras figuras de la vida p\u00fablica santafesina como por ejemplo Mar\u00eda In\u00e9s Masino, madre de Julio Cabal un joven comerciante asesinado por un ladr\u00f3n en 2019; y Eusebio Cabrera, l\u00edder de la Comunidad Qom de barrio La Tablada.<\/p>\n<h6>Fuente: El Litoral<\/h6>\n","protected":false},"excerpt":{"rendered":"<p>Son 12 listas y cada una presenta un titular y un suplente. Por el oficialismo va Garibaldi y el PJ no lleg\u00f3 a la unidad por lo que hay distintos sectores. Aparece Perman, una periodista y el l\u00edder de una comunidad Qom.<\/p>\n","protected":false},"author":2,"featured_media":154265,"comment_status":"closed","ping_status":"closed","sticky":false,"template":"","format":"standard","meta":{"footnotes":""},"categories":[4],"tags":[10],"class_list":["post-154264","post","type-post","status-publish","format-standard","has-post-thumbnail","hentry","category-informe-politico","tag-santa-fe"],"_links":{"self":[{"href":"http:\/\/argentinamunicipal.com.ar\/argentina\/wp-json\/wp\/v2\/posts\/154264","targetHints":{"allow":["GET"]}}],"collection":[{"href":"http:\/\/argentinamunicipal.com.ar\/argentina\/wp-json\/wp\/v2\/posts"}],"about":[{"href":"http:\/\/argentinamunicipal.com.ar\/argentina\/wp-json\/wp\/v2\/types\/post"}],"author":[{"embeddable":true,"href":"http:\/\/argentinamunicipal.com.ar\/argentina\/wp-json\/wp\/v2\/users\/2"}],"replies":[{"embeddable":true,"href":"http:\/\/argentinamunicipal.com.ar\/argentina\/wp-json\/wp\/v2\/comments?post=154264"}],"version-history":[{"count":0,"href":"http:\/\/argentinamunicipal.com.ar\/argentina\/wp-json\/wp\/v2\/posts\/154264\/revisions"}],"wp:featuredmedia":[{"embeddable":true,"href":"http:\/\/argentinamunicipal.com.ar\/argentina\/wp-json\/wp\/v2\/media\/154265"}],"wp:attachment":[{"href":"http:\/\/argentinamunicipal.com.ar\/argentina\/wp-json\/wp\/v2\/media?parent=154264"}],"wp:term":[{"taxonomy":"category","embeddable":true,"href":"http:\/\/argentinamunicipal.com.ar\/argentina\/wp-json\/wp\/v2\/categories?post=154264"},{"taxonomy":"post_tag","embeddable":true,"href":"http:\/\/argentinamunicipal.com.ar\/argentina\/wp-json\/wp\/v2\/tags?post=154264"}],"curies":[{"name":"wp","href":"https:\/\/api.w.org\/{rel}","templated":true}]}}