{"id":154431,"date":"2025-03-04T19:26:06","date_gmt":"2025-03-04T22:26:06","guid":{"rendered":"http:\/\/argentinamunicipal.com.ar\/argentina\/?p=154431"},"modified":"2025-03-04T19:26:06","modified_gmt":"2025-03-04T22:26:06","slug":"la-importancia-del-oscar-ganado-por-brasil","status":"publish","type":"post","link":"http:\/\/argentinamunicipal.com.ar\/argentina\/la-importancia-del-oscar-ganado-por-brasil\/","title":{"rendered":"La importancia del Oscar ganado por Brasil"},"content":{"rendered":"<p>Por primera vez Brasil ha ganado un premio Oscar. Se dio por la pel\u00edcula A\u00fan Estoy Aqu\u00ed, dirigida por Walter Salles. La pel\u00edcula llev\u00f3 al cine la historia de la viuda de un exdiputado brasile\u00f1o secuestrado, torturado, desaparecido por la dictadura militar y la b\u00fasqueda por parte de esa mujer del destino de su marido.<\/p>\n<p>Fue un momento especial en la historia brasile\u00f1a y su cultura, pero tambi\u00e9n en su historia pol\u00edtica. Los protagonistas de la pel\u00edcula recordaron que\u00a0fue posible porque, en el gobierno de Dilma Rousseff\u00a0(foto)\u00a0se cre\u00f3 la Comisi\u00f3n de la Verdad, que ha revelado los cr\u00edmenes de la dictadura, incluyendo el retratado por la pel\u00edcula.<\/p>\n<p>Como otra de las consecuencias del \u00e9xito de la pel\u00edcula, el caso de la desaparici\u00f3n del exdiputado brasileno, Rubens Paiva, y de los otros desaparecidos en Brasil, se reabrieron investigaciones en la justicia. Brasil es otro pa\u00eds desde el surgimiento de esa pel\u00edcula y su \u00e9xito nacional e internacional.<\/p>\n<p>Que Brasil sea premiado con un Oscar por una pel\u00edcula como esta significa recordar para nuevas generaciones de brasile\u00f1os lo que fue la dictadura, lo que fueron sus m\u00e9todos de represi\u00f3n. La pel\u00edcula ya fue vista por mas de 5 millones de brasile\u00f1os, representando tambi\u00e9n el retorno de las personas al cine en Brasil.<\/p>\n<p>El director Walter Salles ya hab\u00eda producido pel\u00edculas muy importantes en la historia del cine brasile\u00f1o. Entre ellas\u00a0Estaci\u00f3n Central de Brasil, donde una mujer, en la principal estaci\u00f3n de ferrocarriles de Rio de Janeiro, escribe cartas para que personas analfabetas puedan mandarlas a sus parientes en otras regiones del pa\u00eds, especialmente del nordeste, de donde vinieron gran parte de los inmigrantes internos de Brasil.<\/p>\n<p>La actriz de esa pel\u00edcula es Fernanda Montenegro, la mas importante actriz brasile\u00f1a, del cine y del teatro. La misma que aparece en la pel\u00edcula\u00a0A\u00fan Estoy Aqu\u00ed, donde su hija, Fernanda Torres, es la protagonista. Salles\u00a0tambi\u00e9n film\u00f3\u00a0Diarios de motocicleta, que cuenta la expedici\u00f3n en moto, por toda Am\u00e9rica del Sur, realizada por el \u00abChe\u00bb Guevara y su amigo Alberto Granado.<\/p>\n<p>A\u00fan Estoy Aqu\u00ed\u00a0 tiene una importancia extraordinaria en Brasil porque premia a un cine que, en los gobiernos del Partido de los Trabajadores (PT), ha tenido un nuevo ciclo de desarrollo. Entre las nuevas pel\u00edculas figura El Auto de la Compasi\u00f3n II, una pel\u00edcula basada en un cuento del gran intelectual del nordeste de Brasil, Ariano Suassuna, que tambi\u00e9n ya tuvo mas de 3 millones de espectadores.<\/p>\n<p>La premiaci\u00f3n del primer Oscar brasile\u00f1o se ha dado en pleno domingo de Carnaval.\u00a0El mismo desfile de las\u00a0escolas\u00a0de samba, el punto mas alto del Carnaval, se detuvo\u00a0para ver el resultado del Oscar, tal la importancia que tuvo esa premiaci\u00f3n.\u00a0Explosiones de alegr\u00eda en las ciudades brasile\u00f1as\u00a0celebraron el triunfo de la pel\u00edcula\u00a0que denuncia a la dictadura militar. La actriz Fernanda Torres ir\u00e1 a desfilar en un carro especial en el desfile de las\u00a0escolas\u00a0de samba victoriosas el pr\u00f3ximo s\u00e1bado, en Rio de Janeiro.<\/p>\n<p>Por\u00a0Emir Sader<\/p>\n<h6>Fuente: P\u00e1gina 12<\/h6>\n","protected":false},"excerpt":{"rendered":"<p>Por primera vez Brasil ha ganado un premio Oscar. Se dio por la pel\u00edcula A\u00fan Estoy Aqu\u00ed, dirigida por Walter Salles. La pel\u00edcula llev\u00f3 al cine la historia de la viuda de un exdiputado brasile\u00f1o secuestrado, torturado, desaparecido por la dictadura militar y la b\u00fasqueda por parte de esa mujer del destino de su marido.\u00a0<\/p>\n","protected":false},"author":2,"featured_media":154432,"comment_status":"closed","ping_status":"closed","sticky":false,"template":"","format":"standard","meta":{"footnotes":""},"categories":[6],"tags":[57],"class_list":["post-154431","post","type-post","status-publish","format-standard","has-post-thumbnail","hentry","category-opiniones","tag-el-mundo"],"_links":{"self":[{"href":"http:\/\/argentinamunicipal.com.ar\/argentina\/wp-json\/wp\/v2\/posts\/154431","targetHints":{"allow":["GET"]}}],"collection":[{"href":"http:\/\/argentinamunicipal.com.ar\/argentina\/wp-json\/wp\/v2\/posts"}],"about":[{"href":"http:\/\/argentinamunicipal.com.ar\/argentina\/wp-json\/wp\/v2\/types\/post"}],"author":[{"embeddable":true,"href":"http:\/\/argentinamunicipal.com.ar\/argentina\/wp-json\/wp\/v2\/users\/2"}],"replies":[{"embeddable":true,"href":"http:\/\/argentinamunicipal.com.ar\/argentina\/wp-json\/wp\/v2\/comments?post=154431"}],"version-history":[{"count":0,"href":"http:\/\/argentinamunicipal.com.ar\/argentina\/wp-json\/wp\/v2\/posts\/154431\/revisions"}],"wp:featuredmedia":[{"embeddable":true,"href":"http:\/\/argentinamunicipal.com.ar\/argentina\/wp-json\/wp\/v2\/media\/154432"}],"wp:attachment":[{"href":"http:\/\/argentinamunicipal.com.ar\/argentina\/wp-json\/wp\/v2\/media?parent=154431"}],"wp:term":[{"taxonomy":"category","embeddable":true,"href":"http:\/\/argentinamunicipal.com.ar\/argentina\/wp-json\/wp\/v2\/categories?post=154431"},{"taxonomy":"post_tag","embeddable":true,"href":"http:\/\/argentinamunicipal.com.ar\/argentina\/wp-json\/wp\/v2\/tags?post=154431"}],"curies":[{"name":"wp","href":"https:\/\/api.w.org\/{rel}","templated":true}]}}