{"id":15444,"date":"2014-09-29T09:22:02","date_gmt":"2014-09-29T12:22:02","guid":{"rendered":"http:\/\/argentinamunicipal.com.ar\/argentina\/?p=15444"},"modified":"2014-09-29T09:22:02","modified_gmt":"2014-09-29T12:22:02","slug":"concepcion-del-uruguay-tercer-municipio-entrerriano-acreditado-como-responsable","status":"publish","type":"post","link":"http:\/\/argentinamunicipal.com.ar\/argentina\/concepcion-del-uruguay-tercer-municipio-entrerriano-acreditado-como-responsable\/","title":{"rendered":"Concepci\u00f3n del Uruguay: Tercer municipio entrerriano acreditado como responsable"},"content":{"rendered":"<p><a href=\"http:\/\/argentinamunicipal.com.ar\/argentina\/wp-content\/uploads\/2014\/09\/Concepci\u00f3n-del-Uruguay.jpg\"><img loading=\"lazy\" decoding=\"async\" class=\"aligncenter size-full wp-image-15445\" src=\"http:\/\/argentinamunicipal.com.ar\/argentina\/wp-content\/uploads\/2014\/09\/Concepci\u00f3n-del-Uruguay.jpg\" alt=\"Plaza, Concepci\u00f3n del Uruguay, Entre Rios\" width=\"700\" height=\"470\" srcset=\"http:\/\/argentinamunicipal.com.ar\/argentina\/wp-content\/uploads\/2014\/09\/Concepci\u00f3n-del-Uruguay.jpg 700w, http:\/\/argentinamunicipal.com.ar\/argentina\/wp-content\/uploads\/2014\/09\/Concepci\u00f3n-del-Uruguay-300x201.jpg 300w\" sizes=\"auto, (max-width: 700px) 100vw, 700px\" \/><\/a><\/p>\n<p>El municipio de Concepci\u00f3n del Uruguay accedi\u00f3 a su certificaci\u00f3n como responsable en el marco del Programa Municipios y Comunidades Saludables que en la provincia se ejecuta desde el Ministerio de Salud de Entre R\u00edos. La evaluaci\u00f3n estuvo a cargo del equipo t\u00e9cnico de la Organizaci\u00f3n Panamericana de la Salud (OPS), entidad que destac\u00f3 el trabajo de la comuna en materia de educaci\u00f3n, medio ambiente y salud.<\/p>\n<p>Entrevistado junto al intendente Carlos Schepens por el equipo t\u00e9cnico de la OPS, el ministro de Salud, Hugo Cettour, destac\u00f3 que \u201cConcepci\u00f3n del Uruguay va por el buen camino con la intenci\u00f3n de ser un municipio responsable a un municipio saludable\u201d. En ese contexto, referenci\u00f3 que dieron inicio a un \u201ctrabajo conjunto y articulado y este plan de Municipios Saludables, amalgama todos los programas y lo pone en valor para la ciudadan\u00eda\u201d.<\/p>\n<p>En este sentido, Cettour resalt\u00f3 que trabajar en equipo contribuye a la labor en \u201cpromoci\u00f3n, prevenci\u00f3n, cuidados, entre otros puntos que detectamos y desarrollamos cada d\u00eda en materia de salud\u201d y agreg\u00f3 que \u201cesto tambi\u00e9n nos permite aportes en recursos humanos, programas de fortalecimiento, y otras herramientas que nos brinda un trabajo interdisciplinario\u201d.<\/p>\n<p>Al respecto, el intendente Carlos Schepens manifest\u00f3 su satisfacci\u00f3n por el hecho de que \u201cpodamos continuar avanzando en mejoras tanto en exigencias de calidad como en cantidad de prestaci\u00f3n de servicios\u201d por lo que a\u00f1adi\u00f3: \u201cTenemos muchos factores, distintos \u00e1mbitos de abordaje y un trabajo permanente en el territorio, producto de un recurso humano capacitado y del compromiso que el municipio ha adquirido en materia de salud. Asimismo estas acciones de prevenci\u00f3n, promoci\u00f3n e intervenci\u00f3n en salud se dan en un marco real de coordinaci\u00f3n y trabajo en conjunto entre Naci\u00f3n, Provincia y Municipio\u201d.<\/p>\n<p><strong>TRABAJO ARTICULADO<\/strong>.<\/p>\n<p>Karina Cimmino, coordinadora del equipo evaluador de la OPS; las soci\u00f3logas Mar\u00eda Bel\u00e9n Herrero y Mar\u00eda Gosiker, junto a la polit\u00f3loga Estefan\u00eda Matas destacaron que del municipio uruguayense se llevan \u201cuna primera muy buena impresi\u00f3n en cuanto a educaci\u00f3n, medio ambiente y salud integral\u201d. La llegada del equipo evaluador de OPS fue el paso subsiguiente a la autoevaluaci\u00f3n del equipo t\u00e9cnico local.<\/p>\n<p>Tras la entrevista con el titular de la cartera sanitaria provincial, Cimmino valor\u00f3 que \u201cnos resulta importante porque muestra el apoyo provincial, el trabajo conjunto entre provincia y municipio\u201d. Y finaliz\u00f3: \u201cEst\u00e1n en buen camino a ser municipio saludable\u201d.<\/p>\n<p>El secretario de Salud municipal Ezequiel Valdunciel, calific\u00f3 esta semana como \u201cmuy satisfactoria ya que nos llena de orgullo que el equipo evaluador de municipios saludables que pertenece a la Organizaci\u00f3n Panamericana de Salud, vengan a evaluar el trabajo dentro del programa para ver si podemos elevarnos de escalaf\u00f3n dentro del programa nacional de municipios y comunidades saludables\u201d.<\/p>\n<h6>Fuente: El Diario<\/h6>\n","protected":false},"excerpt":{"rendered":"<p>El municipio de Concepci\u00f3n del Uruguay accedi\u00f3 a su certificaci\u00f3n como responsable en el marco del Programa Municipios y Comunidades Saludables que en la provincia se ejecuta desde el Ministerio de Salud de Entre R\u00edos. La evaluaci\u00f3n estuvo a cargo del equipo t\u00e9cnico de la Organizaci\u00f3n Panamericana de la Salud (OPS), entidad que destac\u00f3 el<\/p>\n","protected":false},"author":2,"featured_media":15445,"comment_status":"closed","ping_status":"closed","sticky":false,"template":"","format":"standard","meta":{"footnotes":""},"categories":[2],"tags":[17],"class_list":["post-15444","post","type-post","status-publish","format-standard","has-post-thumbnail","hentry","category-informe-municipal","tag-entre-rios"],"_links":{"self":[{"href":"http:\/\/argentinamunicipal.com.ar\/argentina\/wp-json\/wp\/v2\/posts\/15444","targetHints":{"allow":["GET"]}}],"collection":[{"href":"http:\/\/argentinamunicipal.com.ar\/argentina\/wp-json\/wp\/v2\/posts"}],"about":[{"href":"http:\/\/argentinamunicipal.com.ar\/argentina\/wp-json\/wp\/v2\/types\/post"}],"author":[{"embeddable":true,"href":"http:\/\/argentinamunicipal.com.ar\/argentina\/wp-json\/wp\/v2\/users\/2"}],"replies":[{"embeddable":true,"href":"http:\/\/argentinamunicipal.com.ar\/argentina\/wp-json\/wp\/v2\/comments?post=15444"}],"version-history":[{"count":0,"href":"http:\/\/argentinamunicipal.com.ar\/argentina\/wp-json\/wp\/v2\/posts\/15444\/revisions"}],"wp:featuredmedia":[{"embeddable":true,"href":"http:\/\/argentinamunicipal.com.ar\/argentina\/wp-json\/wp\/v2\/media\/15445"}],"wp:attachment":[{"href":"http:\/\/argentinamunicipal.com.ar\/argentina\/wp-json\/wp\/v2\/media?parent=15444"}],"wp:term":[{"taxonomy":"category","embeddable":true,"href":"http:\/\/argentinamunicipal.com.ar\/argentina\/wp-json\/wp\/v2\/categories?post=15444"},{"taxonomy":"post_tag","embeddable":true,"href":"http:\/\/argentinamunicipal.com.ar\/argentina\/wp-json\/wp\/v2\/tags?post=15444"}],"curies":[{"name":"wp","href":"https:\/\/api.w.org\/{rel}","templated":true}]}}