{"id":154446,"date":"2025-03-04T20:07:51","date_gmt":"2025-03-04T23:07:51","guid":{"rendered":"http:\/\/argentinamunicipal.com.ar\/argentina\/?p=154446"},"modified":"2025-03-04T20:07:51","modified_gmt":"2025-03-04T23:07:51","slug":"amaicha-del-valle-la-fiesta-nacional-de-la-pachamama-reunio-a-mas-de-30-mil-personas-por-dia","status":"publish","type":"post","link":"http:\/\/argentinamunicipal.com.ar\/argentina\/amaicha-del-valle-la-fiesta-nacional-de-la-pachamama-reunio-a-mas-de-30-mil-personas-por-dia\/","title":{"rendered":"Amaicha del Valle: La Fiesta Nacional de la Pachamama reuni\u00f3 a mas de 30 mil personas por d\u00eda"},"content":{"rendered":"<p>Durante seis d\u00edas, Amaicha del Valle se convirti\u00f3 en el epicentro de la tradici\u00f3n y el turismo con actividades culturales y religiosas.<\/p>\n<p>La comunidad de Amaicha del Valle vivi\u00f3 con emoci\u00f3n la 77\u00aa edici\u00f3n de la Fiesta Nacional de la Pachamama, una de las festividades m\u00e1s importantes de los Valles Calchaqu\u00edes, en la que se honra a la Madre Tierra. Durante seis d\u00edas de celebraci\u00f3n, miles de personas se congregaron en este rinc\u00f3n tucumano para participar de los rituales ancestrales, la m\u00fasica y el fervor del carnaval.<\/p>\n<p>El momento central de la festividad se dio el domingo con la presentaci\u00f3n de la nueva Pachamama 2025, Mar\u00eda Eva Pastrana de Arreguez, de 74 a\u00f1os, quien fue elegida para representar la sabidur\u00eda y la fuerza de los pueblos originarios de la regi\u00f3n. En su primer discurso, Pastrana hizo un pedido especial a las autoridades presentes para trabajar de manera conjunta en beneficio de las comunidades ind\u00edgenas y sus necesidades<\/p>\n<p><strong>Un pedido de reconocimiento y unidad<\/strong><br \/>\nCon gran emoci\u00f3n, la nueva Pachamama se dirigi\u00f3 a los presentes en el escenario principal, destacando la importancia del compromiso con la comunidad y la lucha por el reconocimiento de los pueblos originarios. \u201cS\u00f3lo la Pachamama sabe hasta d\u00f3nde podemos llegar y lo que podemos hacer\u201d, expres\u00f3. Tambi\u00e9n subray\u00f3 la necesidad de que las autoridades estatales reconozcan la labor de las comunidades y les brinden mayor apoyo.<\/p>\n<p>Su mensaje fue respaldado por el ministro del Interior de Tucum\u00e1n, Dar\u00edo Monteros, quien anunci\u00f3 la convocatoria de una reuni\u00f3n para el pr\u00f3ximo jueves 6 de marzo entre representantes gubernamentales y la comunidad ind\u00edgena. \u201cDetr\u00e1s de esta festividad hay mucho m\u00e1s que cultura y turismo, hay necesidades concretas y un pueblo que busca soluciones\u201d, afirm\u00f3 Monteros.<\/p>\n<p>El evento cont\u00f3 con la presencia de varias autoridades provinciales y locales, entre ellas el delegado comunal de Amaicha del Valle, Paul Calliou, el intendente de Taf\u00ed del Valle, Francisco Caliva, la diputada nacional Gladys Medina y la esposa del gobernador Osvaldo Jaldo, Ana Mar\u00eda Grillo.<\/p>\n<p>El delegado comunal Paul Calliou destac\u00f3 la importancia de la festividad tanto desde el punto de vista cultural como econ\u00f3mico. \u201cEste es el momento en el que la gente de Amaicha trabaja m\u00e1s. Los pascaneros, las cantinas, los hospedajes, todos aprovechan esta oportunidad para generar ingresos que les permitir\u00e1n afrontar la temporada de invierno\u201d, se\u00f1al\u00f3.<\/p>\n<p>La festividad dej\u00f3 en claro la necesidad de seguir impulsando el desarrollo de la comunidad de Amaicha del Valle. Calliou enfatiz\u00f3 la importancia de continuar con las inversiones en infraestructura y la promoci\u00f3n del turismo. \u201cYa contamos con rutas mejoradas, electricidad y avances en el suministro de agua, pero es fundamental que haya m\u00e1s inversi\u00f3n privada en hoteler\u00eda y gastronom\u00eda para seguir creciendo\u201d, sostuvo.<\/p>\n<p>Por su parte, la diputada Gladys Medina resalt\u00f3 el impacto tur\u00edstico del evento: \u201cLa Fiesta de la Pachamama no solo fortalece nuestra identidad cultural, sino que tambi\u00e9n es un motor econ\u00f3mico para la regi\u00f3n. Cada a\u00f1o llegan m\u00e1s visitantes, lo que beneficia a toda la comunidad\u201d.<\/p>\n<p><strong>Turismo, carnaval y tradici\u00f3n<\/strong><br \/>\nDurante el fin de semana largo de carnaval, la celebraci\u00f3n estuvo marcada por una gran afluencia de p\u00fablico. Seg\u00fan Claudia Galv\u00e1n, secretaria de Cultura de la Comuna de Amaicha del Valle, se estima que entre 20.000 y 30.000 personas asistieron diariamente al evento. \u201cLa capacidad hotelera estuvo completa, no solo en Amaicha, sino tambi\u00e9n en localidades cercanas como Colalao del Valle, Santa Mar\u00eda y Taf\u00ed del Valle\u201d, explic\u00f3.<\/p>\n<p>El evento incluy\u00f3 un desfile de agrupaciones gauchas, academias de danza y carrozas, adem\u00e1s de la tradicional ceremonia de bendici\u00f3n de los alimentos. Como parte de los festejos, se realiz\u00f3 un casamiento tradicional de campo, donde los novios llegaron a caballo, fueron bendecidos y luego bailaron un vals, en una escena que conmovi\u00f3 a los asistentes.<\/p>\n<p>Las calles de Amaicha del Valle se llenaron de j\u00f3venes y familias que disfrutaron del carnaval con m\u00fasica, pintura, agua y harina. \u201cDesde el mediod\u00eda el predio estaba repleto de gente con el esp\u00edritu del carnaval, algo que ya es un cl\u00e1sico en esta celebraci\u00f3n\u201d, coment\u00f3 Galv\u00e1n.<\/p>\n<p><strong>Un fuerte respaldo del Ente Tucum\u00e1n Turismo<\/strong><br \/>\nEl \u00e9xito de la Fiesta Nacional de la Pachamama tambi\u00e9n se debe al apoyo sostenido del Ente Tucum\u00e1n Turismo, que trabaja para posicionar este evento en el calendario tur\u00edstico provincial y nacional. Gracias a su respaldo, la festividad ha crecido en infraestructura, difusi\u00f3n y oferta de actividades, atrayendo a miles de visitantes y fortaleciendo el desarrollo econ\u00f3mico de la regi\u00f3n.<\/p>\n<h6>Fuente: lv12.com.ar<\/h6>\n","protected":false},"excerpt":{"rendered":"<p>Durante seis d\u00edas, Amaicha del Valle se convirti\u00f3 en el epicentro de la tradici\u00f3n y el turismo con actividades culturales y religiosas.<\/p>\n","protected":false},"author":2,"featured_media":154447,"comment_status":"closed","ping_status":"closed","sticky":false,"template":"","format":"standard","meta":{"footnotes":""},"categories":[47],"tags":[33],"class_list":["post-154446","post","type-post","status-publish","format-standard","has-post-thumbnail","hentry","category-fiestas","tag-tucuman"],"_links":{"self":[{"href":"http:\/\/argentinamunicipal.com.ar\/argentina\/wp-json\/wp\/v2\/posts\/154446","targetHints":{"allow":["GET"]}}],"collection":[{"href":"http:\/\/argentinamunicipal.com.ar\/argentina\/wp-json\/wp\/v2\/posts"}],"about":[{"href":"http:\/\/argentinamunicipal.com.ar\/argentina\/wp-json\/wp\/v2\/types\/post"}],"author":[{"embeddable":true,"href":"http:\/\/argentinamunicipal.com.ar\/argentina\/wp-json\/wp\/v2\/users\/2"}],"replies":[{"embeddable":true,"href":"http:\/\/argentinamunicipal.com.ar\/argentina\/wp-json\/wp\/v2\/comments?post=154446"}],"version-history":[{"count":0,"href":"http:\/\/argentinamunicipal.com.ar\/argentina\/wp-json\/wp\/v2\/posts\/154446\/revisions"}],"wp:featuredmedia":[{"embeddable":true,"href":"http:\/\/argentinamunicipal.com.ar\/argentina\/wp-json\/wp\/v2\/media\/154447"}],"wp:attachment":[{"href":"http:\/\/argentinamunicipal.com.ar\/argentina\/wp-json\/wp\/v2\/media?parent=154446"}],"wp:term":[{"taxonomy":"category","embeddable":true,"href":"http:\/\/argentinamunicipal.com.ar\/argentina\/wp-json\/wp\/v2\/categories?post=154446"},{"taxonomy":"post_tag","embeddable":true,"href":"http:\/\/argentinamunicipal.com.ar\/argentina\/wp-json\/wp\/v2\/tags?post=154446"}],"curies":[{"name":"wp","href":"https:\/\/api.w.org\/{rel}","templated":true}]}}