{"id":154463,"date":"2025-03-05T19:05:28","date_gmt":"2025-03-05T22:05:28","guid":{"rendered":"http:\/\/argentinamunicipal.com.ar\/argentina\/?p=154463"},"modified":"2025-03-05T19:05:28","modified_gmt":"2025-03-05T22:05:28","slug":"mendoza-preocupa-la-reduccion-del-inta-y-la-posible-eliminacion-de-agencias-de-extension-rural","status":"publish","type":"post","link":"http:\/\/argentinamunicipal.com.ar\/argentina\/mendoza-preocupa-la-reduccion-del-inta-y-la-posible-eliminacion-de-agencias-de-extension-rural\/","title":{"rendered":"Mendoza: Preocupa la reducci\u00f3n del INTA y la posible eliminaci\u00f3n de agencias de extensi\u00f3n rural"},"content":{"rendered":"<p>En Mendoza, ha trascendido que podr\u00edan fusionarse las de Guaymall\u00e9n y Maip\u00fa. Tambi\u00e9n podr\u00edan perderse proyectos de innovaci\u00f3n territorial.<\/p>\n<p>Por estos d\u00edas reina la incertidumbre entre los trabajadores del INTA (Instituto Argentino de Tecnolog\u00eda Agropecuaria), que se extiende a aquellas organizaciones productivas que trabajan en conjunto con los profesionales del organismo. En Mendoza, se habla de que podr\u00edan fusionarse las Agencias de Extensi\u00f3n Rural de Guaymall\u00e9n y Maip\u00fa, pero ya dejaron de funcionar, el a\u00f1o pasado, programas como el ProHuerta.<\/p>\n<p>El 14 de febrero se cumplieron los 75 d\u00edas que se hab\u00edan acordado para que la Direcci\u00f3n Nacional del INTA definiera de qu\u00e9 manera pod\u00eda hacer m\u00e1s eficiente la tarea. Esto, como alternativa al planteo inicial del Gobierno nacional de despido de unos 1.500 empleados en todo el pa\u00eds (de un total de 6.123 agentes, de los que 5.280 pertenecen a la planta permanente y 843 no) y venta de inmuebles.<br \/>\nEse tiempo fue utilizado para elaborar una propuesta de redise\u00f1o de la estructura, en conjunto entre la Direcci\u00f3n Nacional y los Centros Regionales (el de Mendoza y San Juan es uno). Si bien se trat\u00f3 de evitar el despido de 1.500 personas y una reducci\u00f3n del 20% del organismo, se tuvo que definir algunos ajustes.<\/p>\n<p>En el caso de las\u00a0Agencias de Extensi\u00f3n Rural, se eliminar\u00e1n 41 en todo el pa\u00eds. En la Estaci\u00f3n Experimental Mendoza, que tiene cinco de estas agencias, habr\u00eda que quitar una y lo m\u00e1s probable es que se fusionen las de Guaymall\u00e9n y Maip\u00fa, que se encuentran relativamente cerca.<\/p>\n<p>Sin embargo, la preocupaci\u00f3n no s\u00f3lo se centra en los puestos de trabajo, sino en la\u00a0p\u00e9rdida de presencia en el territorio. Es que estas agencias acompa\u00f1an y fortalecen a las cadenas productivas y a entidades como los cl\u00fasteres o las asociaciones de sectores, en el caso de Mendoza, como la vitivinicultura, los frutos secos, la fruticultura, la ganader\u00eda y la horticultura.<\/p>\n<p>En estos espacios no s\u00f3lo se brindan alternativas o se comparten los resultados de las investigaciones con los productores, sino tambi\u00e9n a ciudadanos. Un ejemplo de esto se dio con la chinche del arce, que gener\u00f3 preocupaci\u00f3n en la poblaci\u00f3n.<\/p>\n<p><strong>Impacto social<\/strong><br \/>\nEl a\u00f1o pasado se dio de baja al programa ProHuerta, del Ministerio de Desarrollo Social de la Naci\u00f3n, que ejecutaba el INTA. Si bien el asesoramiento se sostiene -de hecho, en este momento est\u00e1n brindando una capacitaci\u00f3n sobre huerta org\u00e1nica-\u00a0ya no se entregan en forma gratuita las semillas. Esto, resaltan, tal vez no ten\u00eda un impacto econ\u00f3mico productivo directo, pero s\u00ed cumpl\u00eda una importante funci\u00f3n social.<\/p>\n<p>Lo mismo sucedi\u00f3 con otra pata de este programa, que era la\u00a0entrega de pollitos de una raza de gallinas ponedoras\u00a0que desarroll\u00f3 el instituto: la Araucana INTA. Y que permit\u00eda que algunas familias produjeran sus propias hortalizas y obtuvieran huevos. Si bien se ha mantenido la base gen\u00e9tica de estos animales, ya no hay multiplicaci\u00f3n. Se trata, subrayaron, de algo parecido con lo que puede suceder con un cajero autom\u00e1tico en una localidad de Lavalle, que no rentable para el banco, pero s\u00ed implica un beneficio significativo para la comunidad.<\/p>\n<p>El recorte previsto tambi\u00e9n implicar\u00eda la\u00a0baja de m\u00e1s de 75 plataformas de innovaci\u00f3n territorial en todo el pa\u00eds, que suelen trabajar con peque\u00f1os productores. Una de ellas es la que se enfoc\u00f3 en los cultivos andinos y que avanz\u00f3 en la\u00a0reintroducci\u00f3n de la quinoa para consumo.<\/p>\n<p>Por lo pronto, los empleados est\u00e1n aguardando una comunicaci\u00f3n oficial sobre qu\u00e9 decisiones se van a tomar, ya que hasta ahora s\u00f3lo se trata de trascendidos (no ha sido emitida a\u00fan una resoluci\u00f3n), y qu\u00e9 impacto tendr\u00e1n en la labor que hoy desarrolla este organismo.<\/p>\n<p><strong>Reforma profunda<\/strong><br \/>\nA fines de noviembre,\u00a0el Gobierno nacional anunci\u00f3 que iba a realizar una profunda modernizaci\u00f3n del INTA\u00a0y que este proceso iba a incluir la venta de edificios y tierras subutilizadas.<\/p>\n<p>El\u00a0vocero presidencial, Manuel Adorni, expres\u00f3 que \u201cninguna oficina estatal tiene derecho a extirparle la riqueza a los argentinos\u201d y detall\u00f3 que, con esta reforma, \u201cse termin\u00f3 el uso de los organismos p\u00fablicos como m\u00e1quinas para financiar el despilfarro de la vieja pol\u00edtica\u201d.<\/p>\n<p>Es que, si bien reconoci\u00f3 que el organismo es clave para el desarrollo del sector agropecuario, plante\u00f3 que este objetivo hab\u00eda sido desvirtuado por la gesti\u00f3n anterior. Y a\u00f1adi\u00f3 que el 90% de los US$ 250 millones que se destinan al a\u00f1o a financiar el organismo se usan para pagar salarios. Tambi\u00e9n, que la participaci\u00f3n privada en las investigaciones del instituto es inferior al 10% y el objetivo es llevarlo al 30% para 2027.<\/p>\n<p><strong>Planta de personal<\/strong><br \/>\nLa dotaci\u00f3n de personal del INTA se ha mantenido relativamente estable en los \u00faltimos 18 a\u00f1os, aunque hubo cambios en la modalidad de contrataci\u00f3n. En los a\u00f1os 90, la planta ten\u00eda unos 5.600 agentes; cifra que cay\u00f3 a unos 3.600 luego del ajuste estructural y reforma del Estado. Esto, hasta que, en 2005, en el marco del Plan Estrat\u00e9gico Institucional (a 10 a\u00f1os), comenz\u00f3 a reconstruirse la instituci\u00f3n.<\/p>\n<p>A enero de 2025, la dotaci\u00f3n es de 6.123 agentes. Pero se proyecta una reducci\u00f3n de 180 por jubilaci\u00f3n, que podr\u00eda ascender por renuncias o\u00a0retiros voluntarios, fallecimientos y jubilaciones de mujeres entre 60 y 65 (hay 189 que podr\u00edan optar por el beneficio en 2025). Las proyecciones apuntan a que a fin de a\u00f1o habr\u00eda 5.720 empleados y a fines de 2026, 5.560. Esto implica una reducci\u00f3n de 16% en dos a\u00f1os y una disminuci\u00f3n del 23% con respecto a la dotaci\u00f3n \u00f3ptima (de 7.145 colaboradores, calculada en 2017 por el Ministerio de Modernizaci\u00f3n).<\/p>\n<h6>Fuente: Los Andes<\/h6>\n","protected":false},"excerpt":{"rendered":"<p>En Mendoza, ha trascendido que podr\u00edan fusionarse las de Guaymall\u00e9n y Maip\u00fa. Tambi\u00e9n podr\u00edan perderse proyectos de innovaci\u00f3n territorial.<\/p>\n","protected":false},"author":2,"featured_media":154464,"comment_status":"closed","ping_status":"closed","sticky":false,"template":"","format":"standard","meta":{"footnotes":""},"categories":[65],"tags":[31],"class_list":["post-154463","post","type-post","status-publish","format-standard","has-post-thumbnail","hentry","category-provincias","tag-mendoza"],"_links":{"self":[{"href":"http:\/\/argentinamunicipal.com.ar\/argentina\/wp-json\/wp\/v2\/posts\/154463","targetHints":{"allow":["GET"]}}],"collection":[{"href":"http:\/\/argentinamunicipal.com.ar\/argentina\/wp-json\/wp\/v2\/posts"}],"about":[{"href":"http:\/\/argentinamunicipal.com.ar\/argentina\/wp-json\/wp\/v2\/types\/post"}],"author":[{"embeddable":true,"href":"http:\/\/argentinamunicipal.com.ar\/argentina\/wp-json\/wp\/v2\/users\/2"}],"replies":[{"embeddable":true,"href":"http:\/\/argentinamunicipal.com.ar\/argentina\/wp-json\/wp\/v2\/comments?post=154463"}],"version-history":[{"count":0,"href":"http:\/\/argentinamunicipal.com.ar\/argentina\/wp-json\/wp\/v2\/posts\/154463\/revisions"}],"wp:featuredmedia":[{"embeddable":true,"href":"http:\/\/argentinamunicipal.com.ar\/argentina\/wp-json\/wp\/v2\/media\/154464"}],"wp:attachment":[{"href":"http:\/\/argentinamunicipal.com.ar\/argentina\/wp-json\/wp\/v2\/media?parent=154463"}],"wp:term":[{"taxonomy":"category","embeddable":true,"href":"http:\/\/argentinamunicipal.com.ar\/argentina\/wp-json\/wp\/v2\/categories?post=154463"},{"taxonomy":"post_tag","embeddable":true,"href":"http:\/\/argentinamunicipal.com.ar\/argentina\/wp-json\/wp\/v2\/tags?post=154463"}],"curies":[{"name":"wp","href":"https:\/\/api.w.org\/{rel}","templated":true}]}}