{"id":154571,"date":"2025-03-11T05:30:49","date_gmt":"2025-03-11T08:30:49","guid":{"rendered":"http:\/\/argentinamunicipal.com.ar\/argentina\/?p=154571"},"modified":"2025-03-10T20:02:05","modified_gmt":"2025-03-10T23:02:05","slug":"el-gobierno-desempolva-el-unicipio-con-el-foco-en-el-desarrollo-sustentable-del-gran-mendoza","status":"publish","type":"post","link":"http:\/\/argentinamunicipal.com.ar\/argentina\/el-gobierno-desempolva-el-unicipio-con-el-foco-en-el-desarrollo-sustentable-del-gran-mendoza\/","title":{"rendered":"El Gobierno \u00abdesempolva\u00bb el Unicipio con el foco en el desarrollo sustentable del Gran Mendoza"},"content":{"rendered":"<p>Mediante un decreto, lo redireccion\u00f3 bajo la \u00f3rbita de la Direcci\u00f3n de Planificaci\u00f3n; estableci\u00f3 nuevas funciones y objetivos; y conform\u00f3 un \u00abConsejo de coordinaci\u00f3n\u00bb integrado por los intendentes y funcionarios de Gobierno.<\/p>\n<p>El\u00a0Gobierno de\u00a0Mendoza\u00a0decidi\u00f3 el\u00a0relanzamiento del\u00a0Unicipio, organismo que se cre\u00f3 en\u00a02016\u00a0con el objetivo de establecer\u00a0pol\u00edticas p\u00fablicas y obras \u00abarm\u00f3nicas\u00bb\u00a0en conjunto entre los\u00a0distintos departamentos del Gran Mendoza.<\/p>\n<p>En este caso, bajo el\u00a0decreto 333 que sali\u00f3 publicado este jueves en el Bolet\u00edn Oficial, se estableci\u00f3 que el\u00a0Unicipio, con la creaci\u00f3n de un\u00a0Consejo de Coordinaci\u00f3n de Pol\u00edticas P\u00fablicas Sociambientales Municipales para el Gran Mendoza, y que ser\u00e1 integrada por los propios\u00a0intendentes, funcionar\u00e1 bajo la \u00f3rbita de la\u00a0direcci\u00f3n de Planificaci\u00f3n, que est\u00e1 comandada por\u00a0Mat\u00edas Dalla Torre, dentro del ministerio de Gobierno.<\/p>\n<p>Este\u00a0\u00abConsejo de Coordinaci\u00f3n\u00bb\u00a0municipal tendr\u00e1 la funci\u00f3n de establecer\u00a0acciones concretas y sugerir medidas a los\u00a0departamentos del Gran Mendoza\u00a0(Maip\u00fa, Ciudad de Mendoza, Godoy Cruz, Guaymall\u00e9n, Las Heras, Luj\u00e1n de Cuyo y tambi\u00e9n Lavalle)\u00a0para la \u00abpreservaci\u00f3n y el desarrollo sustentable\u00bb.<\/p>\n<p>Dichas acciones tendr\u00e1n el objetivo establecer proyectos de gesti\u00f3n sustentable \u00abcon un enfoque interjurisdiccional\u00bb, realizar un tratamiento de problem\u00e1ticas espec\u00edficas mediante t\u00e9cnicas participativas y optimizar los recursos presupuestarios provinciales y municipales para \u00abmaximizar el impacto de las obras y programas a ejecutarse\u00bb.<\/p>\n<p><strong>El Unicipio estar\u00e1 integrado por:<\/strong><br \/>\nLos intendentes de los municipios del\u00a0Gran Mendoza, incluyendo a\u00a0Lavalle.<\/p>\n<p>Un representante de la\u00a0Subsecretar\u00eda de Infraestructura y Desarrollo Territorial.<\/p>\n<p>Un representante de la\u00a0Agencia Provincial de Ordenamiento Territorial.<\/p>\n<p>Un representante de la\u00a0Subsecretar\u00eda de Ambiente.<\/p>\n<p>El art\u00edculo 5 del decreto establece que los representantes deber\u00e1n estar designados \u00aben un\u00a0plazo de 15 d\u00edas h\u00e1biles\u00a0desde la publicaci\u00f3n del decreto\u00bb.<\/p>\n<p>El\u00a0director de Planificaci\u00f3n\u00a0ejercer\u00e1 la presidencia del\u00a0Consejo\u00a0y \u00abcoordinar\u00e1 la convocatoria, el funcionamiento y la agenda\u00bb del mismo; mientras que los intendentes \u00abser\u00e1n vocales y nombrar\u00e1n un representante t\u00e9cnico por cada uno de los municipios, quien oficiar\u00e1 de coordinador\u00bb.<\/p>\n<p>El decreto tambi\u00e9n establece que el\u00a0Consejo\u00a0\u00abpodr\u00e1 convocar a organismos p\u00fablicos nacionales, provinciales y municipales para brindar colaboraci\u00f3n t\u00e9cnica o asesoramiento en temas espec\u00edficos\u00bb.<\/p>\n<p>Adem\u00e1s, el propio\u00a0Unicipio\u00a0definir\u00e1 su reglamento de funcionamiento, aunque sus decisiones \u00abno ser\u00e1n de car\u00e1cter vinculante\u00bb, marca el art\u00edculo 8.<\/p>\n<p><strong>Unicipio<\/strong><br \/>\nSeg\u00fan estableci\u00f3 el Gobierno Provincial, el Unicipio se cre\u00f3 bajo el\u00a0decreto 177 del 2016, en el marco de la ley de Ordenamiento territorial, con el objetivo de \u00ababordar en forma conjunta, las principales tem\u00e1ticas socio-ambientales del \u00c1rea Metropolitana de Mendoza con una visi\u00f3n integral del proceso de desarrollo\u00bb.<\/p>\n<p>Entre las diferentes tem\u00e1ticas metropolitanas, se ha enfocado en los \u00faltimos a\u00f1os en los temas referentes al\u00a0desarrollo territorial y a la infraestructura de la metr\u00f3polis, y se concentr\u00f3 en temas referidos a la llamada\u00a0\u00abInfraestructura Verde\u00bb, tales como arbolado p\u00fablico y bosque urbano, parques metropolitanos, movilidad sustentable y redes cicloviarias, preservaci\u00f3n del cord\u00f3n verde, etc.<\/p>\n<p>\u00abEl ente metropolitano ha tratado tambi\u00e9n temas referidos a la seguridad y en etapas futuras tiene previsto abarcar tambi\u00e9n \u00e1mbitos referidos a c\u00f3digos de edificaci\u00f3n, obras p\u00fablicas, turismo, cultura y otros\u00bb, destaca su sitio web.<\/p>\n<p>Sin dudas el proyecto m\u00e1s importante que ha llevado a cabo es el de la\u00a0red de ciclov\u00edas en todo el Gran Mendoza, aunque tambi\u00e9n aparecen iniciativas como la de\u00a0forestaci\u00f3n y reforestaci\u00f3n urbana\u00a0y otro de\u00a0eficiencia energ\u00e9tica, entre otros.<\/p>\n<p>El a\u00f1o pasado hubo un encuentro del\u00a0Consejo de Coordinaci\u00f3n, en el cual se presentaron \u00abejes de trabajo\u00bb de cara a lo que era el comienzo de la\u00a0gesti\u00f3n de Alfredo Cornejo.<\/p>\n<p>En la mesa de trabajo de aquella jornada de hace exactamente un a\u00f1o, se plantearon temas relacionados al ordenamiento territorial, las b\u00fasquedas de financiamiento, el fortalecimiento de capacidades, las regularizaciones catastrales en el marco de la\u00a0Ley de Loteos y el manejo del arbolado p\u00fablico.<\/p>\n<p>Tambi\u00e9n se plante\u00f3 la necesidad de generar un\u00a0plan maestro e integral entre Unicipio, las comunas, Vialidad, Hidr\u00e1ulica, Irrigaci\u00f3n\u00a0y otras dependencias con el fin de tratar temas como las rutas de acceso al\u00a0\u00c1rea Metropolitana\u00a0o el ordenamiento territorial del piedemonte<\/p>\n<p>La\u00a0infraestructura verde, los corredores escolares, la medici\u00f3n de la isla de calor, los de movilidad activa y la habilitaci\u00f3n de loteos\u00a0fueron otros de los temas que estuvieron presentes en la agenda program\u00e1tica 2024.<\/p>\n<h6>Fuente: Los Andes<\/h6>\n","protected":false},"excerpt":{"rendered":"<p>Mediante un decreto, lo redireccion\u00f3 bajo la \u00f3rbita de la Direcci\u00f3n de Planificaci\u00f3n; estableci\u00f3 nuevas funciones y objetivos; y conform\u00f3 un \u00abConsejo de coordinaci\u00f3n\u00bb integrado por los intendentes y funcionarios de Gobierno.<\/p>\n","protected":false},"author":2,"featured_media":154572,"comment_status":"closed","ping_status":"closed","sticky":false,"template":"","format":"standard","meta":{"footnotes":""},"categories":[2],"tags":[31],"class_list":["post-154571","post","type-post","status-publish","format-standard","has-post-thumbnail","hentry","category-informe-municipal","tag-mendoza"],"_links":{"self":[{"href":"http:\/\/argentinamunicipal.com.ar\/argentina\/wp-json\/wp\/v2\/posts\/154571","targetHints":{"allow":["GET"]}}],"collection":[{"href":"http:\/\/argentinamunicipal.com.ar\/argentina\/wp-json\/wp\/v2\/posts"}],"about":[{"href":"http:\/\/argentinamunicipal.com.ar\/argentina\/wp-json\/wp\/v2\/types\/post"}],"author":[{"embeddable":true,"href":"http:\/\/argentinamunicipal.com.ar\/argentina\/wp-json\/wp\/v2\/users\/2"}],"replies":[{"embeddable":true,"href":"http:\/\/argentinamunicipal.com.ar\/argentina\/wp-json\/wp\/v2\/comments?post=154571"}],"version-history":[{"count":0,"href":"http:\/\/argentinamunicipal.com.ar\/argentina\/wp-json\/wp\/v2\/posts\/154571\/revisions"}],"wp:featuredmedia":[{"embeddable":true,"href":"http:\/\/argentinamunicipal.com.ar\/argentina\/wp-json\/wp\/v2\/media\/154572"}],"wp:attachment":[{"href":"http:\/\/argentinamunicipal.com.ar\/argentina\/wp-json\/wp\/v2\/media?parent=154571"}],"wp:term":[{"taxonomy":"category","embeddable":true,"href":"http:\/\/argentinamunicipal.com.ar\/argentina\/wp-json\/wp\/v2\/categories?post=154571"},{"taxonomy":"post_tag","embeddable":true,"href":"http:\/\/argentinamunicipal.com.ar\/argentina\/wp-json\/wp\/v2\/tags?post=154571"}],"curies":[{"name":"wp","href":"https:\/\/api.w.org\/{rel}","templated":true}]}}