{"id":154684,"date":"2025-03-17T05:15:05","date_gmt":"2025-03-17T08:15:05","guid":{"rendered":"http:\/\/argentinamunicipal.com.ar\/argentina\/?p=154684"},"modified":"2025-03-13T06:17:20","modified_gmt":"2025-03-13T09:17:20","slug":"ponen-en-marcha-un-plan-de-cero-tasas-municipales-para-la-instalacion-de-comercios-en-cipolletti","status":"publish","type":"post","link":"http:\/\/argentinamunicipal.com.ar\/argentina\/ponen-en-marcha-un-plan-de-cero-tasas-municipales-para-la-instalacion-de-comercios-en-cipolletti\/","title":{"rendered":"Ponen en marcha un plan de cero tasas municipales para la instalaci\u00f3n de comercios en Cipolletti"},"content":{"rendered":"<p>La medida hab\u00eda sido anunciada en la apertura de sesiones. \u00bfDe qu\u00e9 se trata?<\/p>\n<p>Cipolletti\u00a0present\u00f3 este mi\u00e9rcoles el proyecto de\u00a0exenci\u00f3n de tasas municipales\u00a0para\u00a0nuevos comercios. Se trata de un incentivo para la radicaci\u00f3n de\u00a0inversiones\u00a0que fue anunciado por el\u00a0intendente Rodrigo Buteler\u00a0(JSRN) durante la apertura de sesiones.<\/p>\n<p>La normativa fue elevado al Concejo Deliberante para su tratamiento. La presidenta del cuerpo Karina \u00c1lvarez (JSRN) hab\u00eda anticipado que se tratar\u00eda de un debate prioritario y que ser\u00eda evaluado durante marzo.<\/p>\n<p>\u00abEl proyecto busca atraer y alentar la inversi\u00f3n privada en Cipolletti, y continuar acompa\u00f1ando el desarrollo y el crecimiento de la ciudad\u00ab, detallaron desde el Ejecutivo. La comuna proyecta ser \u00abuna de las pocas ciudades de la regi\u00f3n\u00bb que implementa un beneficio de este tipo con el prop\u00f3sito de favorecer la instalaci\u00f3n de nuevas empresas.<\/p>\n<p>La exenci\u00f3n ser\u00eda por un\u00a0periodo total de un a\u00f1o. Desde la\u00a0Secretar\u00eda de Fiscalizaci\u00f3n\u00a0se inform\u00f3 que se present\u00f3 la solicitud de modificaci\u00f3n del\u00a0C\u00f3digo Tributario Comercial\u00a0en el cap\u00edtulo 5, para permitir introducir cambios en el tiempo de exenci\u00f3n de tributos de seguridad e higiene.<\/p>\n<p><strong>Cipolletti celebra el aumento de licencias comerciales<\/strong><\/p>\n<p>Buteler hab\u00eda anunciado esta medida durante su discurso inaugural del a\u00f1o legislativo como parte de una estrategia para incrementar el\u00a0n\u00famero de licencias comerciales.<\/p>\n<p>\u201cPara favorecer esa radicaci\u00f3n, vamos a enviar una iniciativa al Concejo Deliberante,\u00a0eximiendo por un a\u00f1o del pago de la tasa comercial a aquellas actividades que decidan radicarse en Cipolletti\u00ab, mencion\u00f3.<\/p>\n<p>En ese sentido, precis\u00f3 que durante el a\u00f1o pasado se\u00a0registr\u00f3 un alza del 300%\u00a0en las solicitudes y emisi\u00f3n de habilitaciones comerciales. Esta situaci\u00f3n fue celebrada por Buteler, quien consider\u00f3 a Cipolletti como una localidad privilegiada.<\/p>\n<p>\u00abDurante el 2024 hemos tenido un crecimiento exponencial del comercio local. Comparado con el a\u00f1o anterior, tuvimos un 300 % de aumento en el pedido de nuevas licencias comerciales, lo que nos habla de la vitalidad de la econom\u00eda local, a favor del desarrollo regional\u00ab, destac\u00f3.<\/p>\n<p>Un relevamiento de la comuna revel\u00f3 que los principales rubros que se asentaron estuvieron vinculados a la venta de indumentaria, despensas y oficinas administrativas. Las firmas no solo se ubicaron en la zona c\u00e9ntrica, sino tambi\u00e9n en los barrios m\u00e1s alejados, como Balsa Las Perlas, Distrito Vecinal Noreste, Juventud y Desarrollo.<\/p>\n<p>En lo que va del 2025, se otorgaron m\u00e1s de\u00a0140 habilitaciones nuevas. Los rubros m\u00e1s solicitados para ser habilitados fueron barber\u00edas, peluquer\u00edas, venta de indumentaria y despensas.<\/p>\n<h6>Fuente: Rio Negro<\/h6>\n<p>&nbsp;<\/p>\n<p>&nbsp;<\/p>\n","protected":false},"excerpt":{"rendered":"<p>La medida hab\u00eda sido anunciada en la\u00a0apertura de sesiones. \u00bfDe qu\u00e9 se trata?<\/p>\n","protected":false},"author":2,"featured_media":154685,"comment_status":"closed","ping_status":"closed","sticky":false,"template":"","format":"standard","meta":{"footnotes":""},"categories":[5],"tags":[11],"class_list":["post-154684","post","type-post","status-publish","format-standard","has-post-thumbnail","hentry","category-informe-economico","tag-rio-negro"],"_links":{"self":[{"href":"http:\/\/argentinamunicipal.com.ar\/argentina\/wp-json\/wp\/v2\/posts\/154684","targetHints":{"allow":["GET"]}}],"collection":[{"href":"http:\/\/argentinamunicipal.com.ar\/argentina\/wp-json\/wp\/v2\/posts"}],"about":[{"href":"http:\/\/argentinamunicipal.com.ar\/argentina\/wp-json\/wp\/v2\/types\/post"}],"author":[{"embeddable":true,"href":"http:\/\/argentinamunicipal.com.ar\/argentina\/wp-json\/wp\/v2\/users\/2"}],"replies":[{"embeddable":true,"href":"http:\/\/argentinamunicipal.com.ar\/argentina\/wp-json\/wp\/v2\/comments?post=154684"}],"version-history":[{"count":0,"href":"http:\/\/argentinamunicipal.com.ar\/argentina\/wp-json\/wp\/v2\/posts\/154684\/revisions"}],"wp:featuredmedia":[{"embeddable":true,"href":"http:\/\/argentinamunicipal.com.ar\/argentina\/wp-json\/wp\/v2\/media\/154685"}],"wp:attachment":[{"href":"http:\/\/argentinamunicipal.com.ar\/argentina\/wp-json\/wp\/v2\/media?parent=154684"}],"wp:term":[{"taxonomy":"category","embeddable":true,"href":"http:\/\/argentinamunicipal.com.ar\/argentina\/wp-json\/wp\/v2\/categories?post=154684"},{"taxonomy":"post_tag","embeddable":true,"href":"http:\/\/argentinamunicipal.com.ar\/argentina\/wp-json\/wp\/v2\/tags?post=154684"}],"curies":[{"name":"wp","href":"https:\/\/api.w.org\/{rel}","templated":true}]}}