{"id":154696,"date":"2025-03-14T05:30:12","date_gmt":"2025-03-14T08:30:12","guid":{"rendered":"http:\/\/argentinamunicipal.com.ar\/argentina\/?p=154696"},"modified":"2025-03-13T18:11:25","modified_gmt":"2025-03-13T21:11:25","slug":"la-obra-publica-se-vuelve-mas-necesaria-tras-las-tragedias-en-bahia-blanca","status":"publish","type":"post","link":"http:\/\/argentinamunicipal.com.ar\/argentina\/la-obra-publica-se-vuelve-mas-necesaria-tras-las-tragedias-en-bahia-blanca\/","title":{"rendered":"\u00bfY la obra p\u00fablica para cu\u00e1ndo?"},"content":{"rendered":"<p>Cuando a los santafesinos nos toc\u00f3 padecer una de las inundaciones m\u00e1s devastadoras de una historia lugare\u00f1a en la que las inundaciones abundaron, lo primero que se dijo, (apenas nos sacudimos del barro y de los escombros) a la hora de establecer responsabilidades y pensar soluciones, que la tragedia ocurri\u00f3 porque la obra p\u00fablica era deficiente; o algo, pero deficiente.<\/p>\n<p>Y as\u00ed como en su momento se les reproch\u00f3 a las autoridades municipales, provinciales y nacionales su insensibilidad o su ineficiencia para atender la seguridad de la poblaci\u00f3n en una ciudad rodeada de r\u00edos, el primer reclamo que se escuch\u00f3 a la hora de reparar los estragos de la inundaci\u00f3n, fue el de realizar m\u00e1s obras p\u00fablicas.<\/p>\n<p>Obra p\u00fablica antes, para impedir el desastre; obra p\u00fablica despu\u00e9s, para reparar el desastre. En realidad, las demandas de la gente son obvias, responden al m\u00e1s elemental sentido com\u00fan.<\/p>\n<p>No hay otra manera de reconstruir una ciudad destruida, devastada. Ll\u00e1mese Santa Fe,\u00a0Bah\u00eda Blanca\u00a0o, para hacer un poco de historia, San Juan y aquel terremoto de enero de 1944. Suponer que los destrozos se financian con la caridad p\u00fablica o pasando la gorra, es una ingenuidad, un anacronismo o algo peor.<\/p>\n<p>Las grandes obras p\u00fablicas, caminos, puentes, defensas, asilos, desag\u00fces, escuelas, no son un detalle, un adorno, son la estrategia real de un gobierno, de una naci\u00f3n, al punto que en m\u00e1s de un caso los \u00edndices de progreso, calidad de vida, seguridad y confort de una sociedad se mide por la calidad o la extensi\u00f3n de la obra p\u00fablica\u2026<\/p>\n<p>En estos temas no hay coartada, no hay excusas, no hay dogmas ideol\u00f3gicos que puedan sortear esta exigencia de la vida social.<\/p>\n<p>II<br \/>\n\u00bfO alguien puede creer que a Bah\u00eda Blanca la va a reconstruir la mano invisible del mercado? \u00bfO alguien cree que esto se resuelve con colectas populares?, colectas que son muy generosas, colectas que dan cuenta de un esp\u00edritu solidario notable pero que tienen una dificultad insuperable: no alcanzan.<\/p>\n<p>Desde que nacieron los estados nacionales uno de sus objetivos fue financiar la obra p\u00fablica.<\/p>\n<p>As\u00ed lo pensaron los conservadores y los liberales del siglo XIX; as\u00ed lo pensaron los socialistas y los radicales y los peronistas y los democristianos del siglo veinte.<\/p>\n<p>Tal vez el punto en que todos los credos pol\u00edticos parecen estar de acuerdo es en este tema. Los conservadores criollos daban clases magistrales al respecto. Una an\u00e9cdota local contada por un viejo disc\u00edpulo de Manucho Iriondo, paradigma de las gestiones conservadores de aquellos a\u00f1os.<\/p>\n<p>\u00abFundamos instituciones y obras p\u00fablicas de todo tipo, incluso la creaci\u00f3n de grandes parques para abrir espacios verdes, para que la gente sencilla que no tiene residencias de fin de semana disponga de lugares de paseos y entretenimientos\u00bb.<\/p>\n<p>Y fue tan eficaz la creaci\u00f3n de parques, que la oposici\u00f3n fastidiada por la adhesi\u00f3n que despertaban estas iniciativas sali\u00f3 a la calle de noche a pintar en las paredes: \u00abBasta de parques\u00bb.<\/p>\n<p>A Milei habr\u00eda que recordarle que para los presidentes de la generaci\u00f3n del ochenta, la obra p\u00fablica era el espejo en donde mirarse para apreciar la calidad de un gobierno. Y as\u00ed llegaron las rutas, los puentes, las escuelas, los ministerios, las v\u00edas navegables, los puertos, las cloacas, los hospitales, las viviendas populares.<\/p>\n<p>Esta verdad de los conservadores fue compartida por socialistas y radicales. Gobernar era poblar y financiar obras p\u00fablicas al servicio de la sociedad.<\/p>\n<p>Esta verdad Per\u00f3n la entendi\u00f3 mejor que nadie, pero si nos vamos unos a\u00f1os atr\u00e1s, recuerdo que la campa\u00f1a electoral de Amadeo Sabattini en 1935 se hizo alrededor de la siguiente consigna:\u00a0\u00abAguas para el norte, escuelas para el sur, caminos para toda la provincia\u00bb.<\/p>\n<p>Y hoy, la gesti\u00f3n de don Amadeo es considerada una de las m\u00e1s progresistas de la provincia de C\u00f3rdoba. \u00abAguas para el norte, escuelas para el sur, caminos para toda la provincia\u00bb. No conozco otra f\u00f3rmula m\u00e1s sensata y eficaz para gobernar.<\/p>\n<p>III<br \/>\nPodemos discutir los alcances del cambio clim\u00e1tico, pero sabemos que con o sin cambio clim\u00e1tico las inundaciones se producen, los terremotos ocurren, las tempestades se desatan.\u00a0\u00abEs la naturaleza\u00bb, recuerdo que me dijo un pol\u00edtico santafesino oficialista para justificar lo injustificable en el 2003.<\/p>\n<p>Mi estimado se\u00f1or, la historia de la humanidad es la historia de lo que hacemos los hombres para resistir o reducir hasta donde sea posible las fuerzas de la naturaleza. En 1944, San Juan se vino abajo como un castillo de arena. Toda la ciudad fue destruida por un temblor que alcanz\u00f3 sus niveles m\u00e1s altos.<\/p>\n<p>De esa tragedia se filmaron pel\u00edculas, documentales; se escribieron relatos, un amigo, un viejo amigo, naci\u00f3 de imprevisto el d\u00eda del terremoto, salv\u00f3 su vida de milagro pero la tragedia se llev\u00f3 a su madre.<\/p>\n<p>Tambi\u00e9n se dice que el terremoto dio lugar al inicio del romance entre un coronel y una artista de radioteatro, romance que dar\u00eda mucho que hablar. Pero los sanjuaninos y los argentinos aprendieron la lecci\u00f3n.<\/p>\n<p>En una ciudad y en una regi\u00f3n donde los terremotos son posibles, se impone construir las casas de otra manera, atendiendo las condiciones de la geograf\u00eda. Y as\u00ed se hizo, pero para ello no se esper\u00f3 que la mano invisible del mercado diera sus frutos. Se licit\u00f3, se invirti\u00f3 y as\u00ed naci\u00f3 una nueva ciudad de San Juan.<\/p>\n<p>De los temblores y de aquellas escenas de desolaci\u00f3n y p\u00e1nico padecidos hace m\u00e1s de ochenta a\u00f1os, solo queda el recuerdo, porque la ciudad de San Juan supo resguardarse de las acechanzas de la naturaleza. Y lo supo hacer porque<\/p>\n<p>hubo una estrategia de obra p\u00fablica para salir de los escombros.<\/p>\n<p>IV<br \/>\nMe resulta imposible imaginar una sociedad moderna sin un estado, sin un gobierno y sin obra p\u00fablica, como me resulta imposible imaginar una casa de familia sin un padre preocupado por mantenerla, combatir la humedad de las paredes, tapar la goteras del techo, mejorar los pisos, asegurar las ventanas.<\/p>\n<p>Un pa\u00eds sin obra p\u00fablica es un pa\u00eds fracasado, un pa\u00eds que a mediano y largo plazo ser\u00eda una de esas alucinadas ficciones que nutren los guiones de m\u00e1s de una serie televisiva.<\/p>\n<p>Hubo en EEUU algunas experiencias aldeanas en las que vecinos libertarios, enemigos del estado y de las normas estatales, se propusieron autogestionarse atendiendo sus intereses privados, sin estado y sin odiosos agentes estatales. Todo fue lindo al principio porque los nuevos vecinos se cre\u00edan protagonistas de una haza\u00f1a civilizatoria.<\/p>\n<p>Todo fue lindo hasta que empezaron los problemas propios de una vida comunitaria. Intentaron corregir errores, pero duraron poco. Desbordados por las circunstancias se mudaron en mal\u00f3n a las ciudades de las llanuras, espantados por la oscuridad, las alima\u00f1as, las aguas contaminadas, las enfermedades, la delincuencia.<\/p>\n<p>Utop\u00edas devenidas en pesadillas. Le guste o no a\u00a0Milei\u00a0o a\u00a0Francos, el estado nace en condiciones hist\u00f3ricas precisas para atender las necesidades de la sociedad.<\/p>\n<p>Ese parto no es indoloro y, adem\u00e1s, se sabe que el estado cuando crece incluye virtudes pero tambi\u00e9n vicios y a veces errores y horrores, por eso los funcionarios del estado deben ser controlados, controlados por la ley y por los hombres, controlados sus actos y controlados sus bolsillos.<\/p>\n<p>Es verdad.\u00a0La obra p\u00fablica en los \u00faltimos a\u00f1os fue sin\u00f3nimo de corrupci\u00f3n y ha sido probablemente la fuente principal de riqueza de la cleptocracia kirchnerista, pero la respuesta en estos casos no es suspender la obra p\u00fablica hasta el fin de los tiempos, sino corregir, controlar, sancionar.<\/p>\n<p>No es imposible hacerlo, pero s\u00ed\u00a0es imposible concebir una sociedad sin la aspiraci\u00f3n de progreso y convivencia y cuya base material se exprese en las obras p\u00fablicas que realizan los gobiernos.<\/p>\n<p>Rogelio Alaniz<\/p>\n<h6>Fuente: El Litoral<\/h6>\n","protected":false},"excerpt":{"rendered":"<p>No hay otra manera de reconstruir una ciudad destruida, devastada. Ll\u00e1mese Santa Fe,\u00a0Bah\u00eda Blanca\u00a0o, para hacer un poco de historia, San Juan y aquel terremoto de enero de 1944. Suponer que los destrozos se financian con la caridad p\u00fablica o pasando la gorra, es una ingenuidad, un anacronismo o algo peor.<\/p>\n","protected":false},"author":2,"featured_media":154697,"comment_status":"closed","ping_status":"closed","sticky":false,"template":"","format":"standard","meta":{"footnotes":""},"categories":[6],"tags":[21],"class_list":["post-154696","post","type-post","status-publish","format-standard","has-post-thumbnail","hentry","category-opiniones","tag-argentina"],"_links":{"self":[{"href":"http:\/\/argentinamunicipal.com.ar\/argentina\/wp-json\/wp\/v2\/posts\/154696","targetHints":{"allow":["GET"]}}],"collection":[{"href":"http:\/\/argentinamunicipal.com.ar\/argentina\/wp-json\/wp\/v2\/posts"}],"about":[{"href":"http:\/\/argentinamunicipal.com.ar\/argentina\/wp-json\/wp\/v2\/types\/post"}],"author":[{"embeddable":true,"href":"http:\/\/argentinamunicipal.com.ar\/argentina\/wp-json\/wp\/v2\/users\/2"}],"replies":[{"embeddable":true,"href":"http:\/\/argentinamunicipal.com.ar\/argentina\/wp-json\/wp\/v2\/comments?post=154696"}],"version-history":[{"count":0,"href":"http:\/\/argentinamunicipal.com.ar\/argentina\/wp-json\/wp\/v2\/posts\/154696\/revisions"}],"wp:featuredmedia":[{"embeddable":true,"href":"http:\/\/argentinamunicipal.com.ar\/argentina\/wp-json\/wp\/v2\/media\/154697"}],"wp:attachment":[{"href":"http:\/\/argentinamunicipal.com.ar\/argentina\/wp-json\/wp\/v2\/media?parent=154696"}],"wp:term":[{"taxonomy":"category","embeddable":true,"href":"http:\/\/argentinamunicipal.com.ar\/argentina\/wp-json\/wp\/v2\/categories?post=154696"},{"taxonomy":"post_tag","embeddable":true,"href":"http:\/\/argentinamunicipal.com.ar\/argentina\/wp-json\/wp\/v2\/tags?post=154696"}],"curies":[{"name":"wp","href":"https:\/\/api.w.org\/{rel}","templated":true}]}}