{"id":154713,"date":"2025-03-17T06:01:08","date_gmt":"2025-03-17T09:01:08","guid":{"rendered":"http:\/\/argentinamunicipal.com.ar\/argentina\/?p=154713"},"modified":"2025-03-17T06:01:08","modified_gmt":"2025-03-17T09:01:08","slug":"andrea-paz-secretaria-adjunta-de-los-trabajadores-municipales-de-santa-fe-no-vemos-razon-para-una-reforma-constitucional-apresurada","status":"publish","type":"post","link":"http:\/\/argentinamunicipal.com.ar\/argentina\/andrea-paz-secretaria-adjunta-de-los-trabajadores-municipales-de-santa-fe-no-vemos-razon-para-una-reforma-constitucional-apresurada\/","title":{"rendered":"Andrea Paz, secretaria adjunta de los trabajadores municipales de Santa Fe: \u00abNo vemos raz\u00f3n para una reforma constitucional apresurada\u00bb\u00a0"},"content":{"rendered":"<p>\u00abTememos que, como ocurri\u00f3 con la reforma previsional, los \u00fanicos perjudicados sean los trabajadores y el pueblo en general, que no est\u00e1 atento a lo que se va a llevar adelante con la reforma\u00bb, advirti\u00f3 la secretaria general de Festram Reconquista<\/p>\n<p>Andrea Paz es la primera secretaria adjunta de los trabajadores municipales de Santa Fe y la primera secretaria general de Festram Reconquista. Due\u00f1a de un estilo directo, no duda en salir a explicar la importancia que la pr\u00f3xima reforma constitucional en la provincia no avance sobre derechos adquiridos de los trabajadores, como la negociaci\u00f3n colectiva y la estabilidad laboral. \u00abEstamos trabajando para que la gente entienda que, cuanta m\u00e1s variedad de constituyentes haya en la mesa, m\u00e1s posibilidades tendr\u00e1 el pueblo de ser escuchado\u00bb, le dijo a\u00a0El Ciudadano, al tiempo que tambi\u00e9n advirti\u00f3 sobre la necesidad de profundizar el debate sobre las autonom\u00edas municipales.<\/p>\n<p>\u2014En el texto de la reforma constitucional hay alg\u00fan punto que ustedes vean como criticable o si tienen alguna objeci\u00f3n. \u00bfC\u00f3mo se manejan con este proceso de reforma?<\/p>\n<p>\u2014Nosotros, despu\u00e9s de que se public\u00f3 la Ley de Necesidad y Urgencia en diciembre del a\u00f1o pasado, empezamos a preocuparnos. Al analizar el texto de la ley, que declaraba la necesidad y urgencia de la reforma constitucional, nos dimos cuenta de que no hab\u00eda una verdadera urgencia para hacerlo. La Constituci\u00f3n actual es amplia y est\u00e1 bien redactada, por lo que no vemos justificaci\u00f3n para una reforma apresurada. Creemos que esto fue un acuerdo pol\u00edtico entre los sectores de siempre para mantener su estatus quo. Por ejemplo, se busca la reelecci\u00f3n del gobernador y la extensi\u00f3n del mandato de los presidentes comunales de 2 a 4 a\u00f1os. Aunque no estamos en desacuerdo con la ampliaci\u00f3n del mandato de los presidentes comunales. Nos parece contradictorio que se justifique por el costo de las elecciones cada dos a\u00f1os, cuando no se habla de reducir otros gastos m\u00e1s significativos. Adem\u00e1s, este proceso se hizo sin consultar al pueblo, sin debate p\u00fablico, lo que nos preocupa mucho. Tememos que, como ocurri\u00f3 con la reforma previsional, los \u00fanicos perjudicados sean los trabajadores y el pueblo en general, que no est\u00e1 atento a lo que se va a llevar adelante con la reforma.<\/p>\n<p>\u2014\u00bfQu\u00e9 acciones est\u00e1n tomando para informar a la gente sobre la importancia de votar el 13 de abril y elegir a los constituyentes?<\/p>\n<p>\u2014Estamos trabajando para que la gente entienda que, cuanta m\u00e1s variedad de constituyentes haya en la mesa, m\u00e1s posibilidades tendr\u00e1 el pueblo de ser escuchado. Queremos evitar que ocurra lo mismo que en la Legislatura actual, donde el oficialismo tiene mayor\u00eda en ambas c\u00e1maras y puede imponer su voluntad. Si logramos que haya una diversidad de voces en la Convenci\u00f3n Constituyente, habr\u00e1 m\u00e1s chances de que la nueva Constituci\u00f3n no sea tan perjudicial para el pueblo.<\/p>\n<p>\u2014\u00bfQu\u00e9 aspectos espec\u00edficos de la reforma les preocupan m\u00e1s?<\/p>\n<p>\u2014Nos preocupa especialmente la autonom\u00eda municipal. Hablar de autonom\u00eda no tiene sentido si no se garantizan los recursos necesarios para que las comunas y municipios funcionen. Hoy, muchas dependen de la coparticipaci\u00f3n nacional o provincial. \u00bfDe qu\u00e9 autonom\u00eda municipal estamos hablando? \u00bfCu\u00e1les ser\u00edan los alcances? Adem\u00e1s, tememos que se vulneren derechos laborales, como la negociaci\u00f3n colectiva y la estabilidad. Creemos que el gobierno busca tener m\u00e1s control sobre los trabajadores, pudiendo contratar y despedir a discreci\u00f3n seg\u00fan los cambios pol\u00edticos. Esto es grave, porque los trabajadores somos quienes garantizamos el funcionamiento del estado, no los pol\u00edticos, que solo est\u00e1n por per\u00edodos limitados.<\/p>\n<p>\u2014\u00bfCreen que la nueva Constituci\u00f3n podr\u00eda ser peor que la actual en t\u00e9rminos de derechos y garant\u00edas que la del 62?<\/p>\n<p>\u2014S\u00ed, creemos que s\u00ed. Si los constituyentes son mayoritariamente del oficialismo, es probable que la nueva Constituci\u00f3n sea desfavorable para el pueblo, como ocurri\u00f3 con la reforma previsional. En un contexto donde los gobiernos provincial y nacional priorizan ajustes econ\u00f3micos sobre el bienestar de la gente, no vemos que esta reforma vaya a beneficiar a los trabajadores ni a la comunidad. Por eso estamos en estado de alerta, organizando actividades y debates para concientizar a la gente antes de las elecciones.<\/p>\n<p>\u2014\u00bfQu\u00e9 derechos espec\u00edficos creen que podr\u00edan ser vulnerados con esta reforma?<\/p>\n<p>\u2014En el sector municipal, creemos que vienen por la negociaci\u00f3n colectiva y la estabilidad laboral. Quieren poder contratar y despedir trabajadores seg\u00fan los cambios pol\u00edticos, lo que es inaceptable. Los trabajadores estamos en el estado por d\u00e9cadas, no por per\u00edodos cortos como los pol\u00edticos. Adem\u00e1s, tememos que se pierdan otros derechos que costaron mucha lucha, como los que garantiza la ley 9286, que incluye no solo derechos, sino tambi\u00e9n obligaciones.<\/p>\n<p>\u2014\u00bfEst\u00e1n organizando alg\u00fan plan de lucha o eventos para difundir estas preocupaciones?<\/p>\n<p>\u2014S\u00ed, estamos organizando mesas de debate en toda la provincia. Hemos tenido reuniones con candidatos a constituyentes, como Claudia Balagu\u00e9, Carlos Del Prade y Griselda Tessio, para plantearles nuestras demandas. Tambi\u00e9n estamos coordinando con otros sectores, como Juan Monteverde, y tenemos planeadas reuniones con Marcelo Lewandowski y Silvina Frana. Estamos trabajando para que Matilde Bruera y Aldo Cassela tambi\u00e9n participen en debates en las pr\u00f3ximas semanas en Reconquista. Queremos llegar a todos los rincones de la provincia con nuestra preocupaci\u00f3n y nuestro trabajo, para que la gente sepa de qu\u00e9 se trata.<\/p>\n<p>\u2014\u00bfC\u00f3mo est\u00e1 la situaci\u00f3n actual de los trabajadores municipales en la provincia y en Reconquista?<\/p>\n<p>\u2014Los trabajadores municipales no escapan a la crisis econ\u00f3mica que afecta a toda la provincia y al pa\u00eds. Nuestro piso salarial est\u00e1 m\u00e1s cerca del \u00edndice de indigencia que del de pobreza, lo que significa que, a pesar de trabajar las horas requeridas, no llegamos a fin de mes. Adem\u00e1s, tenemos problemas con la obra social, que cada vez cubre menos medicamentos y servicios, y los coseguros son cada vez m\u00e1s caros. Esto representa una p\u00e9rdida de salario adicional, sumado a la p\u00e9rdida del poder adquisitivo. Aunque no somos los \u00fanicos afectados, nuestra ventaja es que no nos callamos y denunciamos estas situaciones p\u00fablicamente. Creemos que no es que no haya recursos, sino que se distribuyen de manera inequitativa, tanto de la provincia hacia los municipios y comunas, como de los municipios y comunas hacia los trabajadores.<\/p>\n<p>Nos preocupa que digan que los trabajadores municipales nos llevamos mucho presupuesto de cada localidad. Es bueno decir que los municipios no son empresas, por tanto no tienen que generar ganancias. Los intendentes y presidentes comunales tienen que administrar los recursos que ingresan a trav\u00e9s de los ciudadanos y devolverlos en servicios. No tienen que generar ganancias. Ah\u00ed hay un error de concepto, y los pol\u00edticos hacen alarde de esa situaci\u00f3n, para justificar en nosotros, los empleados municipales, y no salir a explicar de cara a la sociedad que las obras las tiene que garantizar el gobierno provincial y el gobierno nacional, y que todo lo que tiene que ver con mejoras se hace a trav\u00e9s de los aportes del ciudadano. No recortando y ajustando en los trabajadores. Que son quienes llevan adelante su gesti\u00f3n.<\/p>\n<h6>Fuente: El Ciudadano<\/h6>\n","protected":false},"excerpt":{"rendered":"<p>\u00abTememos que, como ocurri\u00f3 con la reforma previsional, los \u00fanicos perjudicados sean los trabajadores y el pueblo en general, que no est\u00e1 atento a lo que se va a llevar adelante con la reforma\u00bb, advirti\u00f3 la secretaria general de Festram Reconquista<\/p>\n","protected":false},"author":2,"featured_media":154714,"comment_status":"closed","ping_status":"closed","sticky":false,"template":"","format":"standard","meta":{"footnotes":""},"categories":[7],"tags":[10],"class_list":["post-154713","post","type-post","status-publish","format-standard","has-post-thumbnail","hentry","category-informe-sindical","tag-santa-fe"],"_links":{"self":[{"href":"http:\/\/argentinamunicipal.com.ar\/argentina\/wp-json\/wp\/v2\/posts\/154713","targetHints":{"allow":["GET"]}}],"collection":[{"href":"http:\/\/argentinamunicipal.com.ar\/argentina\/wp-json\/wp\/v2\/posts"}],"about":[{"href":"http:\/\/argentinamunicipal.com.ar\/argentina\/wp-json\/wp\/v2\/types\/post"}],"author":[{"embeddable":true,"href":"http:\/\/argentinamunicipal.com.ar\/argentina\/wp-json\/wp\/v2\/users\/2"}],"replies":[{"embeddable":true,"href":"http:\/\/argentinamunicipal.com.ar\/argentina\/wp-json\/wp\/v2\/comments?post=154713"}],"version-history":[{"count":0,"href":"http:\/\/argentinamunicipal.com.ar\/argentina\/wp-json\/wp\/v2\/posts\/154713\/revisions"}],"wp:featuredmedia":[{"embeddable":true,"href":"http:\/\/argentinamunicipal.com.ar\/argentina\/wp-json\/wp\/v2\/media\/154714"}],"wp:attachment":[{"href":"http:\/\/argentinamunicipal.com.ar\/argentina\/wp-json\/wp\/v2\/media?parent=154713"}],"wp:term":[{"taxonomy":"category","embeddable":true,"href":"http:\/\/argentinamunicipal.com.ar\/argentina\/wp-json\/wp\/v2\/categories?post=154713"},{"taxonomy":"post_tag","embeddable":true,"href":"http:\/\/argentinamunicipal.com.ar\/argentina\/wp-json\/wp\/v2\/tags?post=154713"}],"curies":[{"name":"wp","href":"https:\/\/api.w.org\/{rel}","templated":true}]}}