{"id":154773,"date":"2025-03-21T05:45:56","date_gmt":"2025-03-21T08:45:56","guid":{"rendered":"http:\/\/argentinamunicipal.com.ar\/argentina\/?p=154773"},"modified":"2025-03-21T05:56:58","modified_gmt":"2025-03-21T08:56:58","slug":"el-intendente-de-san-carlos-freno-el-desalojo-de-puesteros-que-viven-en-terrenos-de-la-nacion","status":"publish","type":"post","link":"http:\/\/argentinamunicipal.com.ar\/argentina\/el-intendente-de-san-carlos-freno-el-desalojo-de-puesteros-que-viven-en-terrenos-de-la-nacion\/","title":{"rendered":"El intendente de San Carlos fren\u00f3 el desalojo de puesteros que viven en terrenos de la Naci\u00f3n"},"content":{"rendered":"<p>Son 11 puesteros hist\u00f3ricos que viven en la Estancia El Yaucha, en San Carlos. Ahora Alejando Morillas negocia con la Naci\u00f3n comprar esos terrenos fiscales<\/p>\n<p>El intendente de San Carlos, Alejandro Morillas, gan\u00f3 parte de la batalla. Este martes logr\u00f3 frenar el desalojo de unos 11 puesteros hist\u00f3ricos que junto a sus familias viven en la Estancia El Yaucha, propiedad del Estado nacional. Como son terrenos fiscales la Justicia iba a avanzar con los desalojos, pero la comuna logr\u00f3 conciliar.<\/p>\n<p>Ahora, el jefe comunal va a buscar comprar esas 5.000 hect\u00e1reas para desarrollar un\u00a0proyecto tur\u00edstico\u00a0en la zona. Ese primer avance se dio en la sede del Juzgado Federal que comanda Pablo Quiros.<\/p>\n<p>All\u00ed los asesores legales de la comuna de San Carlos acordaron frenar los desalojos hasta tanto la\u00a0Agencia de Administraci\u00f3n de Bienes del Estado (AABE)\u00a0-que administra esos terrenos- defina si accede o no a la propuesta de la intendencia de comprar esas 5.000 hect\u00e1reas.<\/p>\n<p><strong>La idea de desarrollar un proyecto tur\u00edstico en ese lugar<\/strong><br \/>\n\u00abEse juicio ya ten\u00eda sentencia de desalojo y se iban a concretar en 10 d\u00edas, con lo cual estamos muy conformes de haber acordado esta suspensi\u00f3n sin fecha l\u00edmite porque el objetivo de la comuna era proteger a esos 11 puesteros y luego desarrollar en esa zona un\u00a0proyecto tur\u00edstico\u00a0que contempla un circuito tur\u00edstico e hist\u00f3rico\u00bb, explic\u00f3 Sebasti\u00e1n Garro \u00c1lvarez, secretario de Gobierno de San Carlos.<\/p>\n<p>Mientras se gestaba la estrategia para frenar esos desalojos, el mismo intendente Morillas se reuni\u00f3 con el ministro de Defensa, el mendocino Luis Petri porque los terrenos de la\u00a0Estancia El Yaucha\u00a0le pertenecen al\u00a0Ej\u00e9rcito Argentino.<\/p>\n<p>A principios de febrero Morillas le mostr\u00f3 a Petri todo el proyecto y cont\u00f3 que el sanmartiniano se mostr\u00f3 interesado en buscar una soluci\u00f3n. \u00abDe hecho barajamos varias\u00a0alternativas\u00a0para que esa porci\u00f3n de la estancia no se venda, o para que los puesteros no tengan que dejar esos terrenos en los que trabajan desde hace varias generaciones\u00bb, cont\u00f3 el jefe comunal.<\/p>\n<p>Esos terrenos fiscales tienen una extensi\u00f3n de 110.000 hect\u00e1reas y entraron en el lote del que el Estado Nacional pretende deshacerse por considerarlos improductivos.<\/p>\n<p><strong>Qu\u00e9 proyecta hacer Alejandro Morillas en la Estancia El Yaucha<\/strong><br \/>\nEl proyecto llamado\u00a0Desarrollo Integral Campo General Alvarado \u2013 Estancia Yaucha,\u00a0se gest\u00f3 hace m\u00e1s de 4 meses y pretende asegurarle a la comuna esa salida a la monta\u00f1a de la que hoy carece.<\/p>\n<p>\u00abNuestro pueblo no tiene un acceso a la monta\u00f1a m\u00e1s all\u00e1 de la Laguna del Diamante, que tiene accesibilidad s\u00f3lo 2 o 3 meses al a\u00f1o, y esto vendr\u00eda a darnos ese acceso a la zona m\u00e1s alta del oeste, con cumbres de 5.000 metros sobre el nivel del mar. Adem\u00e1s, en la parte baja del campo tiene puesteros que trabajan con ganado mayor y menor de forma extensiva en pasturas nativas. Es una actividad productiva y cultural que ha sido transmitida de generaci\u00f3n en generaci\u00f3n por m\u00e1s de un siglo\u00bb, rescat\u00f3 Morillas.<\/p>\n<p>Precisamente por este proyecto, el intendente de Ciudad, Ulpiano Suarez, tambi\u00e9n sali\u00f3 a respaldar a su par sancarlino porque entiende que preservar esa estancia le asegura a\u00a0San Carlos\u00a0ser parte de ese proyecto tur\u00edstico provincial que promociona ese recorrido de unos 78 kil\u00f3metros de pura monta\u00f1a mendocina.<\/p>\n<h6>Fuente: Uno<\/h6>\n","protected":false},"excerpt":{"rendered":"<p>Son 11 puesteros hist\u00f3ricos que viven en la Estancia El Yaucha, en San Carlos. Ahora Alejando Morillas negocia con la Naci\u00f3n comprar esos terrenos fiscales<\/p>\n","protected":false},"author":2,"featured_media":154774,"comment_status":"closed","ping_status":"closed","sticky":false,"template":"","format":"standard","meta":{"footnotes":""},"categories":[2],"tags":[31],"class_list":["post-154773","post","type-post","status-publish","format-standard","has-post-thumbnail","hentry","category-informe-municipal","tag-mendoza"],"_links":{"self":[{"href":"http:\/\/argentinamunicipal.com.ar\/argentina\/wp-json\/wp\/v2\/posts\/154773","targetHints":{"allow":["GET"]}}],"collection":[{"href":"http:\/\/argentinamunicipal.com.ar\/argentina\/wp-json\/wp\/v2\/posts"}],"about":[{"href":"http:\/\/argentinamunicipal.com.ar\/argentina\/wp-json\/wp\/v2\/types\/post"}],"author":[{"embeddable":true,"href":"http:\/\/argentinamunicipal.com.ar\/argentina\/wp-json\/wp\/v2\/users\/2"}],"replies":[{"embeddable":true,"href":"http:\/\/argentinamunicipal.com.ar\/argentina\/wp-json\/wp\/v2\/comments?post=154773"}],"version-history":[{"count":0,"href":"http:\/\/argentinamunicipal.com.ar\/argentina\/wp-json\/wp\/v2\/posts\/154773\/revisions"}],"wp:featuredmedia":[{"embeddable":true,"href":"http:\/\/argentinamunicipal.com.ar\/argentina\/wp-json\/wp\/v2\/media\/154774"}],"wp:attachment":[{"href":"http:\/\/argentinamunicipal.com.ar\/argentina\/wp-json\/wp\/v2\/media?parent=154773"}],"wp:term":[{"taxonomy":"category","embeddable":true,"href":"http:\/\/argentinamunicipal.com.ar\/argentina\/wp-json\/wp\/v2\/categories?post=154773"},{"taxonomy":"post_tag","embeddable":true,"href":"http:\/\/argentinamunicipal.com.ar\/argentina\/wp-json\/wp\/v2\/tags?post=154773"}],"curies":[{"name":"wp","href":"https:\/\/api.w.org\/{rel}","templated":true}]}}