{"id":154788,"date":"2025-03-25T05:03:19","date_gmt":"2025-03-25T08:03:19","guid":{"rendered":"http:\/\/argentinamunicipal.com.ar\/argentina\/?p=154788"},"modified":"2025-03-18T20:00:34","modified_gmt":"2025-03-18T23:00:34","slug":"forestar-impulsar-y-educar","status":"publish","type":"post","link":"http:\/\/argentinamunicipal.com.ar\/argentina\/forestar-impulsar-y-educar\/","title":{"rendered":"Forestar, impulsar y educar"},"content":{"rendered":"<p>La reforestaci\u00f3n en C\u00f3rdoba avanza, pero su \u00e9xito depende tambi\u00e9n del rol educativo en la formaci\u00f3n de conciencia ambiental.<\/p>\n<p>En abril pr\u00f3ximo se cumplir\u00e1 un a\u00f1o del lanzamiento del Plan Provincial de Forestaci\u00f3n impulsado por el Ministerio de Ambiente y Econom\u00eda Circular de la provincia. Desde antes se viene desarrollando un proyecto con caracter\u00edsticas similares denominado Pulmones Verdes. En ambos casos, la implantaci\u00f3n de \u00e1rboles y otras especies vegetales sobresale como la acci\u00f3n central.<\/p>\n<p>En los pr\u00f3ximos meses, es posible que los organismos responsables de estas iniciativas informen sobre los avances alcanzados. Se espera que los objetivos planificados se hayan concretado, dado el alto impacto ambiental que ambas estrategias buscan generar.<\/p>\n<p>En efecto, el Plan Provincial de Forestaci\u00f3n pretende conservar la biodiversidad, y la restauraci\u00f3n de los ecosistemas nativos de la provincia de C\u00f3rdoba mediante la plantaci\u00f3n de flora nativa de importancia eco-sociocultural. El programa prev\u00e9 la implantaci\u00f3n de 200 mil ejemplares de flora nativa hasta marzo de 2025. A su vez, la cifra se ir\u00e1 incrementando en un 25% anual hasta el a\u00f1o 2027, llevando a cabo la mayor forestaci\u00f3n de \u00e1rboles aut\u00f3ctonos en la historia de la provincia. Para ello, prev\u00e9 el trabajo articulado y a trav\u00e9s de la construcci\u00f3n de alianzas con ONGs, municipios y comunas, industrias y parques industriales, cooperativas y mutuales entre otros.<\/p>\n<p>Por su parte, el Programa Pulmones Verdes tiene como finalidad la conservaci\u00f3n, restauraci\u00f3n, creaci\u00f3n y fortalecimiento de espacios naturales o seminaturales urbanos, que conserven y protejan la diversidad biol\u00f3gica y su ecosistema aut\u00f3ctono. De esta manera, el proyecto contribuye a la resiliencia local frente a las consecuencias del cambio clim\u00e1tico global. Se afirma que \u201cla conservaci\u00f3n de estos ambientes naturales es estrat\u00e9gica para la protecci\u00f3n de la biodiversidad, el desarrollo sostenible e integral de las localidades y la mejora de la calidad de vida de sus habitantes\u201d.<\/p>\n<p>Si estas metas se alcanzan, no hay duda de la relevancia de ambas iniciativas. No obstante, ser\u00eda importante contemplar tambi\u00e9n la posibilidad de que el sistema educativo se involucre de lleno en esta problem\u00e1tica y no se quede solo en clases alusivas. Involucrar a estudiantes de todos los niveles en estos programas no solo fortalecer\u00eda su impacto, sino que tambi\u00e9n fomentar\u00eda una conciencia ambiental desde edades tempranas.<\/p>\n<p>La participaci\u00f3n y la generaci\u00f3n de conciencia social son esenciales para impulsar la reforestaci\u00f3n de varias \u00e1reas del territorio cordob\u00e9s, proteger los espacios verdes de cada comunidad y preservar el arbolado urbano. En esta tarea, la escuela se erige como un aliado fundamental, ya que ser\u00e1n las nuevas generaciones quienes enfrentar\u00e1n la crisis ambiental del planeta y deber\u00e1n contar con las herramientas necesarias para actuar en consecuencia.<\/p>\n<h6>Fuente: La Voz de San Justo<\/h6>\n","protected":false},"excerpt":{"rendered":"<p>La reforestaci\u00f3n en C\u00f3rdoba avanza, pero su \u00e9xito depende tambi\u00e9n del rol educativo en la formaci\u00f3n de conciencia ambiental.<\/p>\n","protected":false},"author":2,"featured_media":154789,"comment_status":"closed","ping_status":"closed","sticky":false,"template":"","format":"standard","meta":{"footnotes":""},"categories":[6],"tags":[21],"class_list":["post-154788","post","type-post","status-publish","format-standard","has-post-thumbnail","hentry","category-opiniones","tag-argentina"],"_links":{"self":[{"href":"http:\/\/argentinamunicipal.com.ar\/argentina\/wp-json\/wp\/v2\/posts\/154788","targetHints":{"allow":["GET"]}}],"collection":[{"href":"http:\/\/argentinamunicipal.com.ar\/argentina\/wp-json\/wp\/v2\/posts"}],"about":[{"href":"http:\/\/argentinamunicipal.com.ar\/argentina\/wp-json\/wp\/v2\/types\/post"}],"author":[{"embeddable":true,"href":"http:\/\/argentinamunicipal.com.ar\/argentina\/wp-json\/wp\/v2\/users\/2"}],"replies":[{"embeddable":true,"href":"http:\/\/argentinamunicipal.com.ar\/argentina\/wp-json\/wp\/v2\/comments?post=154788"}],"version-history":[{"count":0,"href":"http:\/\/argentinamunicipal.com.ar\/argentina\/wp-json\/wp\/v2\/posts\/154788\/revisions"}],"wp:featuredmedia":[{"embeddable":true,"href":"http:\/\/argentinamunicipal.com.ar\/argentina\/wp-json\/wp\/v2\/media\/154789"}],"wp:attachment":[{"href":"http:\/\/argentinamunicipal.com.ar\/argentina\/wp-json\/wp\/v2\/media?parent=154788"}],"wp:term":[{"taxonomy":"category","embeddable":true,"href":"http:\/\/argentinamunicipal.com.ar\/argentina\/wp-json\/wp\/v2\/categories?post=154788"},{"taxonomy":"post_tag","embeddable":true,"href":"http:\/\/argentinamunicipal.com.ar\/argentina\/wp-json\/wp\/v2\/tags?post=154788"}],"curies":[{"name":"wp","href":"https:\/\/api.w.org\/{rel}","templated":true}]}}