{"id":154893,"date":"2025-03-20T06:44:50","date_gmt":"2025-03-20T09:44:50","guid":{"rendered":"http:\/\/argentinamunicipal.com.ar\/argentina\/?p=154893"},"modified":"2025-03-20T06:44:50","modified_gmt":"2025-03-20T09:44:50","slug":"semana-internacional-de-los-bosques-2025-restauracion-y-biodiversidad-misionera-impulsan-el-desarrollo-en-la-region-trinacional-del-bosque-atlantico","status":"publish","type":"post","link":"http:\/\/argentinamunicipal.com.ar\/argentina\/semana-internacional-de-los-bosques-2025-restauracion-y-biodiversidad-misionera-impulsan-el-desarrollo-en-la-region-trinacional-del-bosque-atlantico\/","title":{"rendered":"Semana Internacional de los Bosques 2025: Restauraci\u00f3n y biodiversidad misionera impulsan el desarrollo en la regi\u00f3n trinacional del Bosque Atl\u00e1ntico"},"content":{"rendered":"<p>Miguel \u00c1ngel L\u00f3pez y Beatriz Eibl, investigadores de la Facultad de Ciencias Forestales de la UNaM, \u00a0destacan la resiliencia de la biodiversidad local y la importancia de la restauraci\u00f3n para mitigar el cambio clim\u00e1tico y generar empleo rural.<\/p>\n<p>En el marco de la Semana Internacional de los Bosques 2025, expertos de la Facultad de Ciencias Forestales de la Universidad Nacional de Misiones (FCF-UNaM) y miembros de la Red Trinacional de Restauraci\u00f3n (Argentina, Brasil y Paraguay) subrayan el papel estrat\u00e9gico de la restauraci\u00f3n ecosist\u00e9mica en la lucha contra los efectos extremos del cambio clim\u00e1tico y la p\u00e9rdida de biodiversidad.<\/p>\n<p>\u201cLa biodiversidad local es resiliente al cambio clim\u00e1tico. Es fundamental restaurar \u00e1reas degradadas, generar islas de biodiversidad y fortalecer corredores biol\u00f3gicos. Adem\u00e1s, la restauraci\u00f3n puede impulsar el empleo rural e incrementar los ingresos de la poblaci\u00f3n local\u201d, explicaron\u00a0Miguel \u00c1ngel L\u00f3pez y Beatriz Eibl,\u00a0en una entrevista con\u00a0ArgentinaForestal.com<\/p>\n<p>En la regi\u00f3n, se fortalece la Red Trinacional de Restauraci\u00f3n del Bosque Atl\u00e1ntico, que junto con el\u00a0Pacto pela Restaura\u00e7\u00e3o da Mata Atl\u00e2ntica\u00a0de Brasil, fue seleccionada como una de las diez iniciativas emblem\u00e1ticas del Decenio de Restauraci\u00f3n de las Naciones Unidas.<\/p>\n<p>\u201cEste reconocimiento no solo otorga visibilidad, sino que tambi\u00e9n fortalece la implementaci\u00f3n de proyectos alineados con el\u00a0Plan de Acci\u00f3n del Decenio para Am\u00e9rica Latina\u201d,\u00a0remarcan los especialistas.<\/p>\n<p>Entre los avances destacados en restauraci\u00f3n entre 1990 y 2024, L\u00f3pez y Eibl mencionaron:<\/p>\n<p>Evaluaci\u00f3n ambiental de los recursos generados por la restauraci\u00f3n y registro de un \u00e1rea productora de semillas de especies nativas (APSEN) en Eldorado, Misiones.<\/p>\n<p>Estimaci\u00f3n del stock de carbono y biodiversidad\u00a0en \u00e1reas restauradas con especies arb\u00f3reas nativas tras 34 a\u00f1os de plantaci\u00f3n en Misiones.<\/p>\n<p>Conservaci\u00f3n y restauraci\u00f3n pos incendio en la Reserva Usos M\u00faltiples Guaran\u00ed (RUMG-UNaM).<br \/>\nRegistro de experiencias de restauraci\u00f3n \u00a0con la participaci\u00f3n de FVSA, INTA, la Municipalidad de San Pedro, INAFCI en Misiones, Argentina y los realizados por \u2013Itaip\u00fa.en Paraguay.<\/p>\n<p><strong>Inversi\u00f3n y propuestas para la restauraci\u00f3n<\/strong><br \/>\nEl costo estimado de restauraci\u00f3n en la regi\u00f3n var\u00eda entre 400 y 1.200 d\u00f3lares por hect\u00e1rea, lo que representa una oportunidad de inversi\u00f3n en desarrollo sostenible.<\/p>\n<p>Adem\u00e1s, a partir de Nuevos Acuerdos de Investigaci\u00f3n e Innovaci\u00f3n de la Fundaci\u00f3n Araucaria (NAPI-Trinacional) y la Red Trinacional de Restauraci\u00f3n se promueve que\u00a0 interact\u00faen en redes con los actores locales y externos, y se priorize a las poblaciones residentes y del entorno con propuestas de diversas acciones estrat\u00e9gicas, tales como:<\/p>\n<p>Valoraci\u00f3n econ\u00f3mica de bienes y servicios\u00a0provenientes de los bosques restaurados.<br \/>\nExploraci\u00f3n de cr\u00e9ditos de carbono y biodiversidad\u00a0como incentivo financiero.<br \/>\nRegistro de \u00e1reas productoras de semillas nativas (APSEN)\u00a0en distintos puntos de la regi\u00f3n.<br \/>\nFortalecimiento de bancos de semillas y germoplasma.<br \/>\nCreaci\u00f3n de redes de viveros y jardines bot\u00e1nicos\u00a0en cada municipio.<\/p>\n<p><strong>Capacitaci\u00f3n y educaci\u00f3n ambiental<\/strong><br \/>\nPara consolidar la restauraci\u00f3n forestal como una pol\u00edtica de largo plazo, los investigadores proponen la certificaci\u00f3n de saberes en biodiversidad local, la formaci\u00f3n de capacitadores en competencias laborales en toda la cadena de conservaci\u00f3n, restauraci\u00f3n y producci\u00f3n y la creaci\u00f3n de programas municipales para la implementaci\u00f3n a escala de paisaje.<\/p>\n<p>Adem\u00e1s, sugieren la implementaci\u00f3n de una Plataforma Digital de Gobernanza Trinacional para coordinar esfuerzos entre los tres pa\u00edses.<\/p>\n<p>\u201cDebemos actuar localmente con soluciones basadas en la naturaleza, donde el agua, la energ\u00eda y los alimentos sean ejes centrales. La restauraci\u00f3n, producci\u00f3n y conservaci\u00f3n deben integrarse en un enfoque que garantice la resiliencia del paisaje. Sin dudas, el di\u00e1logo y actuar localmente es el camino para lograr resultados\u201d, concluyeron los investigadores.<\/p>\n<p><strong>Fortalecen lazos entre Argentina y Brasil con visita t\u00e9cnica a la Facultad de Ciencias Forestales<\/strong><br \/>\nIntegrantes de la Fundaci\u00f3n Araucaria de Brasil visitaron la Facultad de Ciencias Forestales de la UNaM para conocer sus instalaciones y avanzar en acciones interinstitucionales. La agenda incluy\u00f3 reuniones con autoridades, recorridos por laboratorios y viveros, y una visita a la Reserva de Uso M\u00faltiple Guaran\u00ed.<\/p>\n<p>La visita se concret\u00f3 el lunes 10 de febrero, con una delegaci\u00f3n de la Fundaci\u00f3n Araucaria, del Estado de Paran\u00e1, que realiz\u00f3 una agenda de actividades con el prop\u00f3sito de conocer el espacio acad\u00e9mico y explorar oportunidades de cooperaci\u00f3n interinstitucional.<\/p>\n<p>La comitiva fue recibida por el decano de la FCF,\u00a0Fabi\u00e1n Romero,\u00a0junto al vicedecano,\u00a0Diego Broz,\u00a0y un equipo de docentes y representantes de distintas \u00e1reas acad\u00e9micas y cient\u00edficas de la instituci\u00f3n.<\/p>\n<p>Durante la jornada, se llevaron a cabo reuniones de trabajo y un recorrido por laboratorios, viveros y otros espacios de aprendizaje, donde los visitantes pudieron interactuar con investigadores y docentes.<\/p>\n<p>Por parte de la Fundaci\u00f3n Araucaria, participaron Ramiro Wahrhaftig, presidente de la instituci\u00f3n; Luiz M\u00e1rcio Spinosa, director de Ciencia, Tecnolog\u00eda e Innovaci\u00f3n; Adriana Brant, articuladora del NAPI Trinacional, y Claudia Enrech, investigadora del mismo programa. Acompa\u00f1aron la visita los docentes e integrantes de la Red Nacional de Restauraci\u00f3n Beatriz Eibl y Miguel L\u00f3pez, este \u00faltimo tambi\u00e9n miembro del NAPI Trinacional.<\/p>\n<p>El martes 11 de febrero, la delegaci\u00f3n se traslad\u00f3 a la Reserva de Uso M\u00faltiple Guaran\u00ed (RUMG), un \u00e1rea natural de 5.343 hect\u00e1reas, para conocer de primera mano los proyectos y ensayos que docentes e investigadores de la FCF llevan adelante en el sitio.<\/p>\n<p>Este encuentro refuerza la colaboraci\u00f3n cient\u00edfica entre Argentina y Brasil en el \u00e1mbito forestal, promoviendo el intercambio de conocimientos y el desarrollo de proyectos conjuntos en conservaci\u00f3n y restauraci\u00f3n ambiental.<\/p>\n<h6>Fuente: Misiones Online<\/h6>\n","protected":false},"excerpt":{"rendered":"<p>Miguel \u00c1ngel L\u00f3pez y Beatriz Eibl, investigadores de la Facultad de Ciencias Forestales de la UNaM, \u00a0destacan la resiliencia de la biodiversidad local y la importancia de la restauraci\u00f3n para mitigar el cambio clim\u00e1tico y generar empleo rural.<\/p>\n","protected":false},"author":2,"featured_media":154894,"comment_status":"closed","ping_status":"closed","sticky":false,"template":"","format":"standard","meta":{"footnotes":""},"categories":[65],"tags":[27],"class_list":["post-154893","post","type-post","status-publish","format-standard","has-post-thumbnail","hentry","category-provincias","tag-misiones"],"_links":{"self":[{"href":"http:\/\/argentinamunicipal.com.ar\/argentina\/wp-json\/wp\/v2\/posts\/154893","targetHints":{"allow":["GET"]}}],"collection":[{"href":"http:\/\/argentinamunicipal.com.ar\/argentina\/wp-json\/wp\/v2\/posts"}],"about":[{"href":"http:\/\/argentinamunicipal.com.ar\/argentina\/wp-json\/wp\/v2\/types\/post"}],"author":[{"embeddable":true,"href":"http:\/\/argentinamunicipal.com.ar\/argentina\/wp-json\/wp\/v2\/users\/2"}],"replies":[{"embeddable":true,"href":"http:\/\/argentinamunicipal.com.ar\/argentina\/wp-json\/wp\/v2\/comments?post=154893"}],"version-history":[{"count":0,"href":"http:\/\/argentinamunicipal.com.ar\/argentina\/wp-json\/wp\/v2\/posts\/154893\/revisions"}],"wp:featuredmedia":[{"embeddable":true,"href":"http:\/\/argentinamunicipal.com.ar\/argentina\/wp-json\/wp\/v2\/media\/154894"}],"wp:attachment":[{"href":"http:\/\/argentinamunicipal.com.ar\/argentina\/wp-json\/wp\/v2\/media?parent=154893"}],"wp:term":[{"taxonomy":"category","embeddable":true,"href":"http:\/\/argentinamunicipal.com.ar\/argentina\/wp-json\/wp\/v2\/categories?post=154893"},{"taxonomy":"post_tag","embeddable":true,"href":"http:\/\/argentinamunicipal.com.ar\/argentina\/wp-json\/wp\/v2\/tags?post=154893"}],"curies":[{"name":"wp","href":"https:\/\/api.w.org\/{rel}","templated":true}]}}