{"id":154973,"date":"2025-03-27T05:20:28","date_gmt":"2025-03-27T08:20:28","guid":{"rendered":"http:\/\/argentinamunicipal.com.ar\/argentina\/?p=154973"},"modified":"2025-03-26T19:21:54","modified_gmt":"2025-03-26T22:21:54","slug":"mujeres","status":"publish","type":"post","link":"http:\/\/argentinamunicipal.com.ar\/argentina\/mujeres\/","title":{"rendered":"Mujeres"},"content":{"rendered":"<p>\u00abLa memoria despierta para herir a los pueblos dormidos que no la dejan vivir libre como el viento\u00bb, dice la sabia canci\u00f3n de Le\u00f3n Gieco. En estos 49 a\u00f1os transcurridos desde aquel golpe de Estado, la Argentina vivi\u00f3 idas y vueltas, avances y retrocesos. En todo este tiempo, hubo un denominador com\u00fan: mujeres. Son las que lucharon para despertar al pueblo a\u00fan en medio del terror. Son las que luego mostraron los peligros que implicaban para la sociedad la desmemoria, el indulto, la obediencia debida y, sobre todo, a los monstruos disfrazados de respetuosos de la institucionalidad que acechaban a la democracia recuperada. Son y fueron las que provocaron que hoy haya en las plazas del pa\u00eds, cientos de miles de argentinos reclamando memoria, verdad, justicia y que no hubo errores ni excesos, sino un plan sistem\u00e1tico de persecuci\u00f3n, secuestro, torturas, desaparici\u00f3n y muerte. Pero adem\u00e1s que denuncian el intento de destrucci\u00f3n del Estado por parte del gobierno libertario.<\/p>\n<p>En estos casi cincuenta a\u00f1os hubo intentos por impedir que estos cr\u00edmenes se investigaran. Hubo leyes de autoamnist\u00eda, de punto final y hasta indultos. Incluso el gobierno negacionista de Milei resucita un caso, juzgado y condenado, para intentar imponer una nueva teor\u00eda, la de un \u00fanico demonio. Todas fueron desactiv\u00e1ndose por \u00abculpa\u00bb de esas mujeres que nunca se detuvieron, ni siquiera ante la misma muerte. Las plazas colmadas de este lunes lo demuestran. No solo reclamaron justicia, tambi\u00e9n sembraron memoria y verdad.<\/p>\n<p>El gobierno libertario no entiende y mucho menos sabe qu\u00e9 hacer con esta capacidad que tiene la memoria de colarse en cada intersticio de la sociedad, flotar en el tiempo, mantenerse incluso como una c\u00e9lula dormida hasta que de repente se activa y espabila a los adormecidos. Esta marea humana &#8211;que colm\u00f3 las plazas del pa\u00eds&#8211; envi\u00f3 un mensaje directo a la Casa Rosada donde les deja en claro que ni los trolls, las redes sociales que dicen controlar e incluso el resucitar viejas teor\u00edas lograr\u00e1n detener el reclamo de verdad y justicia. Y todo por esas mujeres que comenzaron a caminar alrededor de la Pir\u00e1mide de Mayo.<\/p>\n<p>Ese ejemplo se fue repitiendo sin soluci\u00f3n de continuidad en el resto de las provincias. As\u00ed comenzaron a aparecer en las plazas de sus ciudades y las rondas se replicaron. A Olga M\u00e1rquez de Ar\u00e9dez se la pod\u00eda ver solita con su pa\u00f1uelo y reclamo de justicia en la plaza de Libertador General San Mart\u00edn, el territorio de los Blaquier. Tambi\u00e9n est\u00e1n Marina de Curia, \u00abPirucha\u00bb Campopiano, Ana de D\u00edaz, Carmen Mitrovich, Nelly Bianchi, \u00abNena\u00bb Ponce y Sarita Mrad solo algunas de las mujeres que dejaron sus huellas en la Plaza Independencia de Tucum\u00e1n que nos (me) ense\u00f1aron a no olvidar, a reclamar verdad y exigir justicia, ahora y siempre.<\/p>\n<p>Por\u00a0Felipe Yapur<\/p>\n<h6>Fuente: P\u00e1gina 12<\/h6>\n","protected":false},"excerpt":{"rendered":"<p>\u00abLa memoria despierta para herir a los pueblos dormidos que no la dejan vivir libre como el viento\u00bb, dice la sabia canci\u00f3n de Le\u00f3n Gieco<\/p>\n","protected":false},"author":2,"featured_media":154974,"comment_status":"closed","ping_status":"closed","sticky":false,"template":"","format":"standard","meta":{"footnotes":""},"categories":[6],"tags":[21],"class_list":["post-154973","post","type-post","status-publish","format-standard","has-post-thumbnail","hentry","category-opiniones","tag-argentina"],"_links":{"self":[{"href":"http:\/\/argentinamunicipal.com.ar\/argentina\/wp-json\/wp\/v2\/posts\/154973","targetHints":{"allow":["GET"]}}],"collection":[{"href":"http:\/\/argentinamunicipal.com.ar\/argentina\/wp-json\/wp\/v2\/posts"}],"about":[{"href":"http:\/\/argentinamunicipal.com.ar\/argentina\/wp-json\/wp\/v2\/types\/post"}],"author":[{"embeddable":true,"href":"http:\/\/argentinamunicipal.com.ar\/argentina\/wp-json\/wp\/v2\/users\/2"}],"replies":[{"embeddable":true,"href":"http:\/\/argentinamunicipal.com.ar\/argentina\/wp-json\/wp\/v2\/comments?post=154973"}],"version-history":[{"count":0,"href":"http:\/\/argentinamunicipal.com.ar\/argentina\/wp-json\/wp\/v2\/posts\/154973\/revisions"}],"wp:featuredmedia":[{"embeddable":true,"href":"http:\/\/argentinamunicipal.com.ar\/argentina\/wp-json\/wp\/v2\/media\/154974"}],"wp:attachment":[{"href":"http:\/\/argentinamunicipal.com.ar\/argentina\/wp-json\/wp\/v2\/media?parent=154973"}],"wp:term":[{"taxonomy":"category","embeddable":true,"href":"http:\/\/argentinamunicipal.com.ar\/argentina\/wp-json\/wp\/v2\/categories?post=154973"},{"taxonomy":"post_tag","embeddable":true,"href":"http:\/\/argentinamunicipal.com.ar\/argentina\/wp-json\/wp\/v2\/tags?post=154973"}],"curies":[{"name":"wp","href":"https:\/\/api.w.org\/{rel}","templated":true}]}}