{"id":155128,"date":"2025-04-03T04:57:52","date_gmt":"2025-04-03T07:57:52","guid":{"rendered":"http:\/\/argentinamunicipal.com.ar\/argentina\/?p=155128"},"modified":"2025-04-01T06:02:08","modified_gmt":"2025-04-01T09:02:08","slug":"elecciones-2025-en-neuquen-tras-el-legado-de-pechi-quiroga","status":"publish","type":"post","link":"http:\/\/argentinamunicipal.com.ar\/argentina\/elecciones-2025-en-neuquen-tras-el-legado-de-pechi-quiroga\/","title":{"rendered":"Elecciones 2025 en Neuqu\u00e9n: tras el legado de Pechi Quiroga"},"content":{"rendered":"<p>Oficialismo y oposici\u00f3n se reconfiguran en Neuqu\u00e9n con una novedosa din\u00e1mica pol\u00edtica entre las fuerzas del cielo y las fuerzas del pehu\u00e9n.<\/p>\n<p>Durante seis d\u00e9cadas, el Movimiento Popular Neuquino domin\u00f3 la escena pol\u00edtica provincial como fuerza oficialista indiscutible. Frente a esa hegemon\u00eda, peronistas y radicales quedaron relegados a un permanente rol opositor, a la sombra del partido hist\u00f3rico. Quiz\u00e1s el desaf\u00edo m\u00e1s significativo a ese poder haya sido el liderazgo de Horacio \u00abPechi\u00bb Quiroga, quien desde su intendencia en la capital neuquina logr\u00f3 consolidar un territorio propio, ejerciendo con \u00e9xito y protagonismo pol\u00edtico desde 2003 hasta el \u00faltimo d\u00eda de su vida en 2019.<\/p>\n<p>Tras la muerte de Quiroga, en Neuqu\u00e9n\u00a0la oposici\u00f3n qued\u00f3 hu\u00e9rfana\u00a0justo cuando el Movimiento Popular Neuquino atravesaba un momento de claro desgaste y ausencia de liderazgos s\u00f3lidos. Este vac\u00edo ocurri\u00f3 precisamente en un contexto en el que la sociedad neuquina ya evidenciaba una\u00a0necesidad urgente de renovaci\u00f3n pol\u00edtica.<br \/>\nEn 2023,\u00a0Rolando Figueroa\u00a0entendi\u00f3 que se abr\u00eda una oportunidad hist\u00f3rica para ocupar el espacio opositor en Neuqu\u00e9n. Esa lectura estrat\u00e9gica fue clave para que decidiera abandonar su tradicional postura cr\u00edtica desde el interior del MPN, representada hasta entonces por la Lista Violeta, y optara finalmente por\u00a0dar la batalla desde afuera del partido provincial.<\/p>\n<p>Esta estrategia rompi\u00f3 las cadenas ideol\u00f3gicas que hasta entonces limitaban a Figueroa, permiti\u00e9ndole construir un frente opositor mucho m\u00e1s amplio del que Quiroga pudo sostener desde la centroderecha. As\u00ed, logr\u00f3 integrar una propuesta electoral diversa, que reuni\u00f3 desde dirigentes de centroizquierda hasta sectores provenientes del propio MPN, pasando por la derecha tradicional e incluso la derecha libertaria. En su discurso, adem\u00e1s, Figueroa supo incorporar elementos marcadamente anticasta y anticorrupci\u00f3n, con similitudes notables al estilo ret\u00f3rico que populariz\u00f3 Javier Milei.<\/p>\n<p><strong>Oposici\u00f3n vacante, sin Pechi Quiroga y con Figueroa gobernando<\/strong><br \/>\nEn el presente,\u00a0sin Quiroga y con Figueroa en el gobierno provincial, el espacio opositor en Neuqu\u00e9n vuelve a quedar vacante. La mayor\u00eda de los dirigentes del MPN ha decidido no confrontar al nuevo oficialismo; por el contrario, optaron por integrarse a \u00e9l, negociando lugares que, aunque puedan ser secundarios, garantizan cierta supervivencia pol\u00edtica. Sin embargo, algunos sectores del MPN\u2014pero especialmente muchos de sus votantes hist\u00f3ricos\u2014todav\u00eda no encuentran una opci\u00f3n electoral convincente, conformando as\u00ed un importante\u00a0bloque de indecisos que ser\u00e1 clave\u00a0en la disputa electoral de este a\u00f1o.<\/p>\n<p>Luego de una prolongada luna de miel pol\u00edtica para Rolando Figueroa, han comenzado a surgir las primeras declaraciones de oposici\u00f3n hacia su gesti\u00f3n provincial.\u00a0En este contexto, fue el diputado nacional Pablo Cervi, quien recientemente marc\u00f3 distancia:\u00a0en una entrevista, sostuvo que \u201cNeuqu\u00e9n es una provincia rica, pero con una econom\u00eda fr\u00e1gil\u201d, y que, en realidad, con el nuevo gobierno\u00a0nada sustancial ha cambiado\u00a0respecto a la gesti\u00f3n hist\u00f3rica del MPN.<\/p>\n<p>Pablo Cervi, junto a sus correligionarios\u00a0Mariano Campero, Luis Picat y Mart\u00edn Arjol,\u00a0ha ocupado una posici\u00f3n estrat\u00e9gica, constituy\u00e9ndose como parte del nuevo oficialismo nacional, escindido del bloque radical que lidera\u00a0Mart\u00edn Lousteau.\u00a0Ha acompa\u00f1ado firmemente a Javier Milei con su\u00a0veto en tres discusiones claves\u00a0para el Gobierno Nacional: La reforma jubilatoria, el presupuesto universitario y la investigaci\u00f3n por el cripto esc\u00e1ndalo del $Libragate.<\/p>\n<p><strong>\u00bfSe conformar\u00e1 una unidad \u201clibertaria\u201d en Neuqu\u00e9n?<\/strong><br \/>\nHaber funcionado como \u201cescudo libertario\u201d, posiciona a Cervi como potencial compa\u00f1ero electoral, de la diputada Nacional por Neuqu\u00e9n\u00a0Nadia M\u00e1rquez, una libertaria de primera hora e indiscutido referente local de Lule Menem y Karina Milei.<\/p>\n<p>Si bien ambos diputados respaldan la gesti\u00f3n de Milei, llegaron a sus bancas desde trayectorias muy diferentes, reflejando adem\u00e1s perfiles pol\u00edticos y estilos personales claramente diferenciados.<\/p>\n<p>En 2021, Pablo Cervi, empresario frut\u00edcola,\u00a0\u201cahijado pol\u00edtico\u201d de Horacio pechi Quiroga\u00a0y conocido por su perfil moderado y anal\u00edtico, logr\u00f3 acceder a una banca en el Congreso. En aquel momento, obtuvo el 23% de los votos con el partido\u00a0Cambia Neuqu\u00e9n, convirti\u00e9ndose en la principal fuerza opositora frente al MPN.<\/p>\n<p>En cambio, Nadia M\u00e1rquez, apasionada abogada y pastora evang\u00e9lica, obtuvo su banca en 2023 con el 35% de los votos representando al espacio\u00a0Arriba Neuqu\u00e9n. Aquella fue una elecci\u00f3n at\u00edpica, ya que el MPN, derrotado pocos meses antes en la categor\u00eda a gobernador, sufri\u00f3 la peor desgracia electoral de su historia con apenas un 7,7%. Al mismo tiempo, el espacio pol\u00edtico liderado por Rolando Figueroa decidi\u00f3 estrat\u00e9gicamente no participar en la contienda legislativa, dejando as\u00ed el terreno para un\u00a0enfrentamiento directo entre las fuerzas de Massa y las de Milei.<\/p>\n<p><strong>La Casa Rosada y las fuerzas nacionales<\/strong><br \/>\nComo suele ocurrir con las fuerzas nacionales en Neuqu\u00e9n,\u00a0la definici\u00f3n final depender\u00e1 de la Casa Rosada\u00a0en gran medida. Su intervenci\u00f3n ser\u00e1 clave para configurar un nuevo esquema opositor a nivel provincial, pero oficialista en el \u00e1mbito nacional, en un escenario en el que todos los encuestadores anticipan que tendr\u00e1 a los representantes de Figueroa y Milei peleando cabeza a cabeza por las bancas del congreso, dejando al peronismo en un c\u00f3modo tercer lugar.<\/p>\n<p>Aunque desde lo discursivo se anticipa un enfrentamiento entre la defensa simb\u00f3lica de la \u00abneuquinidad\u00bb frente a las denominadas \u00abfuerzas del cielo\u00bb, en t\u00e9rminos concretos, solo resta conocer los nombres definitivos que representar\u00e1n a cada espacio pol\u00edtico en disputa.<\/p>\n<p>La pol\u00edtica neuquina enfrenta nuevamente un momento decisivo. La desaparici\u00f3n f\u00edsica de Quiroga, la victoria de Figueroa y la creciente influencia del libertarismo nacional configuran un\u00a0escenario in\u00e9dito en la provincia. De cara a las elecciones de 2025,\u00a0oficialismo y oposici\u00f3n deber\u00e1n reinventarse\u00a0frente a una sociedad que demanda liderazgo claro, coherencia ideol\u00f3gica y soluciones concretas a los problemas cr\u00f3nicos, para superar d\u00e9cadas de desencantos.<\/p>\n<h6>Fuente: La Ma\u00f1ana Neuqu\u00e9n<\/h6>\n","protected":false},"excerpt":{"rendered":"<p>Oficialismo y oposici\u00f3n se reconfiguran en Neuqu\u00e9n con una novedosa din\u00e1mica pol\u00edtica entre las fuerzas del cielo y las fuerzas del pehu\u00e9n.<\/p>\n","protected":false},"author":2,"featured_media":155129,"comment_status":"closed","ping_status":"closed","sticky":false,"template":"","format":"standard","meta":{"footnotes":""},"categories":[4],"tags":[23],"class_list":["post-155128","post","type-post","status-publish","format-standard","has-post-thumbnail","hentry","category-informe-politico","tag-neuquen"],"_links":{"self":[{"href":"http:\/\/argentinamunicipal.com.ar\/argentina\/wp-json\/wp\/v2\/posts\/155128","targetHints":{"allow":["GET"]}}],"collection":[{"href":"http:\/\/argentinamunicipal.com.ar\/argentina\/wp-json\/wp\/v2\/posts"}],"about":[{"href":"http:\/\/argentinamunicipal.com.ar\/argentina\/wp-json\/wp\/v2\/types\/post"}],"author":[{"embeddable":true,"href":"http:\/\/argentinamunicipal.com.ar\/argentina\/wp-json\/wp\/v2\/users\/2"}],"replies":[{"embeddable":true,"href":"http:\/\/argentinamunicipal.com.ar\/argentina\/wp-json\/wp\/v2\/comments?post=155128"}],"version-history":[{"count":0,"href":"http:\/\/argentinamunicipal.com.ar\/argentina\/wp-json\/wp\/v2\/posts\/155128\/revisions"}],"wp:featuredmedia":[{"embeddable":true,"href":"http:\/\/argentinamunicipal.com.ar\/argentina\/wp-json\/wp\/v2\/media\/155129"}],"wp:attachment":[{"href":"http:\/\/argentinamunicipal.com.ar\/argentina\/wp-json\/wp\/v2\/media?parent=155128"}],"wp:term":[{"taxonomy":"category","embeddable":true,"href":"http:\/\/argentinamunicipal.com.ar\/argentina\/wp-json\/wp\/v2\/categories?post=155128"},{"taxonomy":"post_tag","embeddable":true,"href":"http:\/\/argentinamunicipal.com.ar\/argentina\/wp-json\/wp\/v2\/tags?post=155128"}],"curies":[{"name":"wp","href":"https:\/\/api.w.org\/{rel}","templated":true}]}}