{"id":1553,"date":"2014-02-19T11:52:01","date_gmt":"2014-02-19T14:52:01","guid":{"rendered":"http:\/\/argentinamunicipal.com.ar\/argentina\/?p=1553"},"modified":"2014-02-19T11:52:01","modified_gmt":"2014-02-19T14:52:01","slug":"jefes-comunales-de-santiago-del-estero-se-encuentran-analizando-el-aumento-del-25","status":"publish","type":"post","link":"http:\/\/argentinamunicipal.com.ar\/argentina\/jefes-comunales-de-santiago-del-estero-se-encuentran-analizando-el-aumento-del-25\/","title":{"rendered":"Jefes comunales de Santiago del Estero se encuentran analizando el aumento del 25%"},"content":{"rendered":"<div id=\"attachment_1555\" style=\"width: 310px\" class=\"wp-caption alignleft\"><a href=\"http:\/\/argentinamunicipal.com.ar\/argentina\/wp-content\/uploads\/2014\/02\/thumb_53043089d2LIB190214-003F01.jpg\"><img loading=\"lazy\" decoding=\"async\" aria-describedby=\"caption-attachment-1555\" class=\"size-full wp-image-1555\" alt=\"MUNICIPALES. Esperan con ansias lo que resuelvan los intendentes y responsables de las comunas del interior.\" src=\"http:\/\/argentinamunicipal.com.ar\/argentina\/wp-content\/uploads\/2014\/02\/thumb_53043089d2LIB190214-003F01.jpg\" width=\"300\" height=\"200\" \/><\/a><p id=\"caption-attachment-1555\" class=\"wp-caption-text\">MUNICIPALES. Esperan con ansias lo que resuelvan los intendentes y responsables de las comunas del interior.<\/p><\/div>\n<p>La reuni\u00f3n con representantes de los gremios ser\u00e1 clave para resolver si se suman o no a lo que anunci\u00f3 la gobernadora el pasado lunes.<\/p>\n<p>Tras el anuncio efectuado por la gobernadora de la provincia, Dra. Claudia Zamora, intendentes de las diferentes ciudades del interior de Santiago del Estero, se encuentran debatiendo el tema con representantes de los distintos gremios estatales.<\/p>\n<p>En el caso de la ciudad de La Banda, el intendente Ruiz aclar\u00f3 que en cuanto llegue de Buenos Aires, se sentar\u00e1 a dialogar con los gremios, \u201cpero consideramos que vamos anunciar el mismo aumento de la provincia. Pero antes tenemos que evaluar la situaci\u00f3n econ\u00f3mica del municipio\u201d, adelant\u00f3.<\/p>\n<p>Lo propio se llevar\u00e1 a cabo en la ciudad de Fern\u00e1ndez, ya que \u201cinmediatamente ser\u00e1 analizado el tema por la comuna fernandense\u201d, en una reuni\u00f3n que mantendr\u00e1n con el equipo econ\u00f3mico, gremio y concejales.<\/p>\n<p>As\u00ed lo confirmo a EL LIBERAL el intendente Ariel Matarazzo quien dijo que \u201cEl anuncio del aumento del 25% del sueldo a los empleados p\u00fablicos de la provincia, tiene muy pocas horas de realizado, recuerden que, en todos los casos, hemos sido contestes con el gobierno en todos los anuncios anteriores, pero antes tenemos que sentarnos y dialogar para evaluar la situaci\u00f3n con las partes interesadas, se\u00f1alando aspectos entre como disponibilidades financieras, forma de pagos fechas etc., para no caer en improvisaciones, e incumplimientos que atenten contra el equilibrio financiero de la comuna\u201d.<\/p>\n<p>Por ultimo le dio tranquilidad a la familia municipal manifestando que \u201ctendr\u00e1n las mejoras salariales como el resto de los empleados p\u00fablicos de la provincia, pero previo a ello es necesario el di\u00e1logo\u201d.<\/p>\n<p>Los intendentes dejaron entrever que, \u201ccomo vienen haciendo\u201d van a adherirse al anuncio del Ejecutivo provincial, \u201cpero eso va a ser en los pr\u00f3ximos d\u00edas\u201d, se\u00f1alaron\u201d<\/p>\n<h6>Fuente: El Liberal<\/h6>\n","protected":false},"excerpt":{"rendered":"<p>La reuni\u00f3n con representantes de los gremios ser\u00e1 clave para resolver si se suman o no a lo que anunci\u00f3 la gobernadora el pasado lunes. Tras el anuncio efectuado por la gobernadora de la provincia, Dra. Claudia Zamora, intendentes de las diferentes ciudades del interior de Santiago del Estero, se encuentran debatiendo el tema con<\/p>\n","protected":false},"author":1,"featured_media":1555,"comment_status":"closed","ping_status":"closed","sticky":false,"template":"","format":"standard","meta":{"footnotes":""},"categories":[7],"tags":[37],"class_list":["post-1553","post","type-post","status-publish","format-standard","has-post-thumbnail","hentry","category-informe-sindical","tag-santiago-del-estero"],"_links":{"self":[{"href":"http:\/\/argentinamunicipal.com.ar\/argentina\/wp-json\/wp\/v2\/posts\/1553","targetHints":{"allow":["GET"]}}],"collection":[{"href":"http:\/\/argentinamunicipal.com.ar\/argentina\/wp-json\/wp\/v2\/posts"}],"about":[{"href":"http:\/\/argentinamunicipal.com.ar\/argentina\/wp-json\/wp\/v2\/types\/post"}],"author":[{"embeddable":true,"href":"http:\/\/argentinamunicipal.com.ar\/argentina\/wp-json\/wp\/v2\/users\/1"}],"replies":[{"embeddable":true,"href":"http:\/\/argentinamunicipal.com.ar\/argentina\/wp-json\/wp\/v2\/comments?post=1553"}],"version-history":[{"count":0,"href":"http:\/\/argentinamunicipal.com.ar\/argentina\/wp-json\/wp\/v2\/posts\/1553\/revisions"}],"wp:featuredmedia":[{"embeddable":true,"href":"http:\/\/argentinamunicipal.com.ar\/argentina\/wp-json\/wp\/v2\/media\/1555"}],"wp:attachment":[{"href":"http:\/\/argentinamunicipal.com.ar\/argentina\/wp-json\/wp\/v2\/media?parent=1553"}],"wp:term":[{"taxonomy":"category","embeddable":true,"href":"http:\/\/argentinamunicipal.com.ar\/argentina\/wp-json\/wp\/v2\/categories?post=1553"},{"taxonomy":"post_tag","embeddable":true,"href":"http:\/\/argentinamunicipal.com.ar\/argentina\/wp-json\/wp\/v2\/tags?post=1553"}],"curies":[{"name":"wp","href":"https:\/\/api.w.org\/{rel}","templated":true}]}}