{"id":155359,"date":"2025-04-09T05:45:31","date_gmt":"2025-04-09T08:45:31","guid":{"rendered":"http:\/\/argentinamunicipal.com.ar\/argentina\/?p=155359"},"modified":"2025-04-08T18:55:48","modified_gmt":"2025-04-08T21:55:48","slug":"que-se-juega-en-el-desdoblamiento-bonaerense","status":"publish","type":"post","link":"http:\/\/argentinamunicipal.com.ar\/argentina\/que-se-juega-en-el-desdoblamiento-bonaerense\/","title":{"rendered":"Qu\u00e9 se juega en el desdoblamiento bonaerense"},"content":{"rendered":"<p>El decreto anunciado este lunes por Axel Kicillof convocando a elecciones provinciales el 7 de septiembre, o sea en fecha distinta a las elecciones nacionales del 26 de octubre, consuma el famoso desdoblamiento. Pero tambi\u00e9n inicia un proceso pol\u00edtico intenso dentro del peronismo bonaerense.<\/p>\n<p>Siempre es \u00fatil hacer un poco de historia. En una entrevista realizada por Eduardo Aliverti el 8 de septiembre pasado y\u00a0comentada en\u00a0Buenos Aires\/12, Carlos Bianco\u00a0dej\u00f3 una definici\u00f3n: \u00abQuien sea el Presidente o la Presidenta en 2027, adem\u00e1s deber\u00e1 conducir al peronismo\u00bb. Bianco es ministro de Gobierno de la Provincia y mano derecha de Kicillof.<\/p>\n<p>Por lo que fue posible indagar en aquel momento, la frase no era una indirecta sobre ese presente sino una conclusi\u00f3n a ser tomada en cuenta en el futuro.<\/p>\n<p>Aliverti no se anduvo con vueltas: \u00ab\u00bfKicillof ya est\u00e1 en carrera presidencial?\u00bb. Respuesta de Bianco: \u00abNo, y tampoco es una ambici\u00f3n personal. Lo conozco hace mucho a Axel, desde 1998, y nunca lo escuch\u00e9 decir &#8216;quiero ser gobernador, quiero ser diputado, quiero ser Presidente&#8217;. Eso no quita que el proceso pol\u00edtico lo ponga en alg\u00fan lugar de decisi\u00f3n mayor, pero hoy est\u00e1 en la carrera de pagar los salarios a fin de mes y en que funcionen los hospitales\u00bb.<\/p>\n<p>Sin embargo, un hecho habia cambiado el mosaico pol\u00edtico. Un a\u00f1o antes, en 2023, Mart\u00edn Insaurralde present\u00f3 su renuncia como jefe de Gabinete. Era el efecto de su esc\u00e1ndalo de intendente de distrito pobre, Lomas de Zamora, en yate rico, el Bandido que navegaba frente a la costa de Marbella.<\/p>\n<p>La designaci\u00f3n de Insaurralde, en 2021, no fue una iniciativa de Kicillof sino una decisi\u00f3n de Cristina Kirchner, supuestamente para darle m\u00fasculo pol\u00edtico a la Gobernaci\u00f3n despu\u00e9s de las elecciones legislativas.<\/p>\n<p>La ca\u00edda de Insaurralde, entonces, funcion\u00f3 con un efecto n\u00edtido: el despido del personal trainer fortaleci\u00f3 al presunto debilucho. Y a la vez creci\u00f3 la vocaci\u00f3n de Kicillof no s\u00f3lo por gestionar (\u00abpagar los salarios a fin de mes y que funcionen los hospitales\u00bb, como resumi\u00f3 Bianco) sino por hacer pol\u00edtica. Es decir, por conducir la pol\u00edtica del peronismo en la provincia de Buenos Aires. As\u00ed fue como apel\u00f3 al mismo m\u00e9todo de acumulaci\u00f3n con el que consigui\u00f3 la reelecci\u00f3n, en 2023, cuando el candidato nacional Sergio Massa perdi\u00f3 por 44 por ciento frente al 56 por ciento de Javier Milei. Sum\u00f3 intendentes, legisladores, dirigentes sindicales, universitarios y empresarios pyme. Encima nadie le achac\u00f3 que hubiera tenido una conducta mezquina: no s\u00f3lo gan\u00f3 la Gobernaci\u00f3n sino que en la provincia de Buenos Aires Massa triunf\u00f3 en las PASO, en la elecci\u00f3n general y en el balotaje. Milei no se pudo imponer en territorio bonaerense.<\/p>\n<p>Sin que \u00e9l mismo lo planificara cuando habl\u00f3 con Aliverti, el concepto de Bianco sobre la necesidad del ejercicio simult\u00e1neo de la jefatura del Estado y la del peronismo termin\u00f3 aplic\u00e1ndose a la realidad provincial. Por fuerza de los hechos, primero Kicillof se sinti\u00f3 fortalecido por el BandidoGate. Un dato m\u00e1s se agreg\u00f3 al panorama:\u00a0 ya con Javier Milei en la Casa Rosada, como gobernador de la provincia m\u00e1s grande de la Argentina Kicillof era la contracara pr\u00e1ctica de la experiencia libertaria. Cristina Fern\u00e1ndez de Kirchner fue una cr\u00edtica tenaz de Milei, naturalmente, y lo sigue siendo, pero no ten\u00eda funciones ejecutivas.<\/p>\n<p>El debate original fue por la amplitud del despliegue pol\u00edtico por parte de Kicillof, un despliegue que inclu\u00eda las herramientas tradicionales de la pol\u00edtica. Las candidaturas, por ejemplo. El funcionamiento de los bloques en las dos c\u00e1maras de la Legislatura. La formaci\u00f3n de listas. El monolapicerismo versus el multilapicerismo. En el fondo, la discusi\u00f3n por qui\u00e9n ser\u00eda la referencia principal del peronismo en la provincia de Buenos Aires y, de manera impl\u00edcita o expl\u00edcita, el debate por el papel de Cristina y Kicillof en el distrito. \u00bfConducci\u00f3n de una o de uno? \u00bfDirigencia colegiada, si es que eso alguna vez fue algo m\u00e1s que una condici\u00f3n fugaz en la historia del peronismo?<\/p>\n<p>Hay un elemento nuevo en la discusi\u00f3n justicialista. Cada vez los argumentos, los proyectos y el an\u00e1lisis cr\u00edtico del pasado reciente del gobierno anterior asumen una caracter\u00edstica m\u00e1s descarnada. Tienen datos, a\u00f1os, n\u00fameros, nombres, apellidos. Por algo una de las cr\u00edticas de los sectores m\u00e1s afines a CFK contra el gobernador es que no haya endosado la candidatura de ella a la presidencia del Partido Justicialista, cuando a\u00fan le compet\u00eda el riojano Ricardo Quintela. Kicillof fue tildado de \u00abdesagradecido\u00bb y hasta de \u00abtraidor\u00bb.<\/p>\n<p>Pero el punto, en este presente de v\u00e9rtigo, con un Gobierno nacional socialmente da\u00f1ino y un mundo inestable, no es ya qui\u00e9n tiene la culpa. Tampoco si el hecho determinante del desdoblamiento es la introducci\u00f3n por parte de Milei de la Boleta \u00danica de Papel y el riesgo, seg\u00fan Kicillof, de que la convivencia de ese sistema a nivel nacional y el uso de la boleta de siempre a nivel provincial pueda entra\u00f1ar un serio problema institucional o log\u00edstico.<\/p>\n<p>La clave, en una postura realista, es doble. Por un lado, c\u00f3mo administrar\u00e1n los dirigentes y la militancia un conflicto interno que hoy qued\u00f3 plasmado pero no empez\u00f3 reci\u00e9n. Por otro lado, de qu\u00e9 modo pr\u00e1ctico se traducir\u00e1 el criterio esgrimido hoy por Kicillof de convocar de manera frentista a lo que defini\u00f3 como un objetivo de \u00abunidad\u00bb contra Milei.<\/p>\n<p>Por\u00a0Mart\u00edn Granovsky<\/p>\n<h6>Fuente: P\u00e1gina 12<\/h6>\n","protected":false},"excerpt":{"rendered":"<p>El decreto anunciado este lunes por Axel Kicillof convocando a elecciones provinciales el 7 de septiembre, o sea en fecha distinta a las elecciones nacionales del 26 de octubre, consuma el famoso desdoblamiento.<\/p>\n","protected":false},"author":2,"featured_media":155360,"comment_status":"closed","ping_status":"closed","sticky":false,"template":"","format":"standard","meta":{"footnotes":""},"categories":[6],"tags":[12],"class_list":["post-155359","post","type-post","status-publish","format-standard","has-post-thumbnail","hentry","category-opiniones","tag-buenos-aires"],"_links":{"self":[{"href":"http:\/\/argentinamunicipal.com.ar\/argentina\/wp-json\/wp\/v2\/posts\/155359","targetHints":{"allow":["GET"]}}],"collection":[{"href":"http:\/\/argentinamunicipal.com.ar\/argentina\/wp-json\/wp\/v2\/posts"}],"about":[{"href":"http:\/\/argentinamunicipal.com.ar\/argentina\/wp-json\/wp\/v2\/types\/post"}],"author":[{"embeddable":true,"href":"http:\/\/argentinamunicipal.com.ar\/argentina\/wp-json\/wp\/v2\/users\/2"}],"replies":[{"embeddable":true,"href":"http:\/\/argentinamunicipal.com.ar\/argentina\/wp-json\/wp\/v2\/comments?post=155359"}],"version-history":[{"count":0,"href":"http:\/\/argentinamunicipal.com.ar\/argentina\/wp-json\/wp\/v2\/posts\/155359\/revisions"}],"wp:featuredmedia":[{"embeddable":true,"href":"http:\/\/argentinamunicipal.com.ar\/argentina\/wp-json\/wp\/v2\/media\/155360"}],"wp:attachment":[{"href":"http:\/\/argentinamunicipal.com.ar\/argentina\/wp-json\/wp\/v2\/media?parent=155359"}],"wp:term":[{"taxonomy":"category","embeddable":true,"href":"http:\/\/argentinamunicipal.com.ar\/argentina\/wp-json\/wp\/v2\/categories?post=155359"},{"taxonomy":"post_tag","embeddable":true,"href":"http:\/\/argentinamunicipal.com.ar\/argentina\/wp-json\/wp\/v2\/tags?post=155359"}],"curies":[{"name":"wp","href":"https:\/\/api.w.org\/{rel}","templated":true}]}}