{"id":15577,"date":"2014-10-01T09:38:02","date_gmt":"2014-10-01T12:38:02","guid":{"rendered":"http:\/\/argentinamunicipal.com.ar\/argentina\/?p=15577"},"modified":"2014-10-01T09:38:02","modified_gmt":"2014-10-01T12:38:02","slug":"obras-para-revalorizar-el-casco-historico-de-la-ciudad-de-jujuy","status":"publish","type":"post","link":"http:\/\/argentinamunicipal.com.ar\/argentina\/obras-para-revalorizar-el-casco-historico-de-la-ciudad-de-jujuy\/","title":{"rendered":"Obras para revalorizar el casco hist\u00f3rico\u00a0de la ciudad de Jujuy"},"content":{"rendered":"<p><a href=\"http:\/\/argentinamunicipal.com.ar\/argentina\/wp-content\/uploads\/2014\/10\/ccc7fa3dfee848fc90d8987f0f6c8462.jpg\"><img loading=\"lazy\" decoding=\"async\" class=\"aligncenter size-full wp-image-15578\" src=\"http:\/\/argentinamunicipal.com.ar\/argentina\/wp-content\/uploads\/2014\/10\/ccc7fa3dfee848fc90d8987f0f6c8462.jpg\" alt=\"ccc7fa3dfee848fc90d8987f0f6c8462\" width=\"650\" height=\"500\" srcset=\"http:\/\/argentinamunicipal.com.ar\/argentina\/wp-content\/uploads\/2014\/10\/ccc7fa3dfee848fc90d8987f0f6c8462.jpg 650w, http:\/\/argentinamunicipal.com.ar\/argentina\/wp-content\/uploads\/2014\/10\/ccc7fa3dfee848fc90d8987f0f6c8462-300x230.jpg 300w\" sizes=\"auto, (max-width: 650px) 100vw, 650px\" \/><\/a><br \/>\nEn los pr\u00f3ximos d\u00edas se conocer\u00e1n los ganadores y se espera que las obras se inicien en un plazo de alrededor de 40 d\u00edas.<\/p>\n<p>Cuatro empresas participaron ayer de la apertura de sobres, realizada en el Sal\u00f3n Blanco de Casa de Gobierno, en el marco de la licitaci\u00f3n p\u00fablica para los trabajos vinculados a la primera etapa del ambicioso \u00abProyecto Integral para la Recuperaci\u00f3n y Puesta en Valor del Casco Hist\u00f3rico de la ciudad de San Salvador de Jujuy, sector calles y plaza\u00bb, que lleva adelante el Gobierno de la Provincia.<\/p>\n<p>Magna, Jumi, Irmi y Villanueva son las cuatro empresas juje\u00f1as que formaron parte de la mencionada licitaci\u00f3n y que se encuentran a la espera de la adjudicaci\u00f3n de los trabajos, que iniciar\u00e1n en un plazo aproximado de 40 d\u00edas.<\/p>\n<p>El acto de apertura estuvo encabezado por el jefe de ministros del Gobierno Armando Berruezo, junto al secretario de Infraestructura Guillermo Durand y el presidente del Ente Aut\u00e1rquico de Planificaci\u00f3n Urbana, Alberto Busignani; y estuvieron presentes los representantes de las distintas empresas constructoras participantes.<\/p>\n<p>La empresa adjudicada se conocer\u00e1 en los pr\u00f3ximos d\u00edas, y est\u00e1 previsto que se destine un monto cercano a los 50 millones de pesos para concretar la primera etapa del proyecto que, apunta a dar una mayor infraestructura, mejorar el aprovechamiento y resaltar el casco hist\u00f3rico de nuestra ciudad, comprendido por la plaza Belgrano y los edificios hist\u00f3ricos que la rodean como ser, el Cabildo, la iglesia Catedral y la Casa de Gobierno.<\/p>\n<p>En ese sentido, el jefe de Gabinete provincial, Armando Berruezo, dijo que la apertura de sobres realizada ayer, forma parte de un proceso que tiene que ver con la Corporaci\u00f3n Andina de Fomento \u00abde m\u00e1s de 170 millones de d\u00f3lares no reintegrables para nuestra provincia\u00bb. Y en \u00e9l se enmarca el proyecto de refuncionalizaci\u00f3n y puesta en valor del casco hist\u00f3rico capitalino, obras complementarias y colaterales, destac\u00f3.<\/p>\n<p>Por su parte, Alberto Busignani, aclar\u00f3 que el tiempo de obra ser\u00e1 de aproximadamente un a\u00f1o de duraci\u00f3n, y se\u00f1al\u00f3 que uno de los puntos destacables que se llevar\u00e1n adelante en la zona ser\u00e1 la nivelaci\u00f3n del asfalto a la altura de las veredas, con el objeto de peatonalizar la zona, lo que podr\u00eda resultar en un importante cambio en el tr\u00e1nsito vehicular en la zona c\u00e9ntrica de la capital juje\u00f1a.<\/p>\n<p>En ese sentido, el jefe de ministros llam\u00f3 a la comunidad a tomar conciencia a partir del cambio dentro de las \u00abreglas de juego\u00bb que se producir\u00e1 a partir de la concreci\u00f3n de la primera etapa de las obras dentro del casco hist\u00f3rico; \u00abporque el centro de San Salvador de Jujuy sigue teniendo 5 cuadras de ancho y 10 de largo, y la cantidad de veh\u00edculos que ingresa se quintuplic\u00f3 en los \u00faltimos a\u00f1os. Por lo que la modernizaci\u00f3n y la puesta en valor del centro capitalino, tambi\u00e9n apunta a la reducci\u00f3n de ingreso de veh\u00edculos al centro de la ciudad\u00bb, asegur\u00f3 Berruezo.<\/p>\n<h3>Nueva licitaci\u00f3n<\/h3>\n<p>Por otra parte, el jefe de Gabinete, Armando Berruezo, se\u00f1al\u00f3 que en un breve per\u00edodo de tiempo, se producir\u00e1 un nuevo llamado a licitaci\u00f3n apuntando a la concreci\u00f3n de la segunda etapa de obras en el marco de la revalorizaci\u00f3n del casco hist\u00f3rico, que consistir\u00e1 en la \u00abpuesta en valor del Cabildo, la iglesia Catedral y la Casa de Gobierno\u00bb, concluy\u00f3<\/p>\n<h6>Fuente: El Tribuno, Jujuy<\/h6>\n","protected":false},"excerpt":{"rendered":"<p>En los pr\u00f3ximos d\u00edas se conocer\u00e1n los ganadores y se espera que las obras se inicien en un plazo de alrededor de 40 d\u00edas. Cuatro empresas participaron ayer de la apertura de sobres, realizada en el Sal\u00f3n Blanco de Casa de Gobierno, en el marco de la licitaci\u00f3n p\u00fablica para los trabajos vinculados a la<\/p>\n","protected":false},"author":2,"featured_media":15578,"comment_status":"closed","ping_status":"closed","sticky":false,"template":"","format":"standard","meta":{"footnotes":""},"categories":[2],"tags":[25],"class_list":["post-15577","post","type-post","status-publish","format-standard","has-post-thumbnail","hentry","category-informe-municipal","tag-jujuy"],"_links":{"self":[{"href":"http:\/\/argentinamunicipal.com.ar\/argentina\/wp-json\/wp\/v2\/posts\/15577","targetHints":{"allow":["GET"]}}],"collection":[{"href":"http:\/\/argentinamunicipal.com.ar\/argentina\/wp-json\/wp\/v2\/posts"}],"about":[{"href":"http:\/\/argentinamunicipal.com.ar\/argentina\/wp-json\/wp\/v2\/types\/post"}],"author":[{"embeddable":true,"href":"http:\/\/argentinamunicipal.com.ar\/argentina\/wp-json\/wp\/v2\/users\/2"}],"replies":[{"embeddable":true,"href":"http:\/\/argentinamunicipal.com.ar\/argentina\/wp-json\/wp\/v2\/comments?post=15577"}],"version-history":[{"count":0,"href":"http:\/\/argentinamunicipal.com.ar\/argentina\/wp-json\/wp\/v2\/posts\/15577\/revisions"}],"wp:featuredmedia":[{"embeddable":true,"href":"http:\/\/argentinamunicipal.com.ar\/argentina\/wp-json\/wp\/v2\/media\/15578"}],"wp:attachment":[{"href":"http:\/\/argentinamunicipal.com.ar\/argentina\/wp-json\/wp\/v2\/media?parent=15577"}],"wp:term":[{"taxonomy":"category","embeddable":true,"href":"http:\/\/argentinamunicipal.com.ar\/argentina\/wp-json\/wp\/v2\/categories?post=15577"},{"taxonomy":"post_tag","embeddable":true,"href":"http:\/\/argentinamunicipal.com.ar\/argentina\/wp-json\/wp\/v2\/tags?post=15577"}],"curies":[{"name":"wp","href":"https:\/\/api.w.org\/{rel}","templated":true}]}}