{"id":15592,"date":"2014-10-01T10:00:07","date_gmt":"2014-10-01T13:00:07","guid":{"rendered":"http:\/\/argentinamunicipal.com.ar\/argentina\/?p=15592"},"modified":"2014-10-01T10:00:07","modified_gmt":"2014-10-01T13:00:07","slug":"la-fibra-optica-conecta-el-97-de-las-localidades-pampeanas","status":"publish","type":"post","link":"http:\/\/argentinamunicipal.com.ar\/argentina\/la-fibra-optica-conecta-el-97-de-las-localidades-pampeanas\/","title":{"rendered":"\u201cLa fibra \u00f3ptica conecta el 97% de las localidades pampeanas\u201d"},"content":{"rendered":"<p><a href=\"http:\/\/argentinamunicipal.com.ar\/argentina\/wp-content\/uploads\/2014\/10\/fibra.jpg\"><img loading=\"lazy\" decoding=\"async\" class=\"aligncenter size-full wp-image-15593\" src=\"http:\/\/argentinamunicipal.com.ar\/argentina\/wp-content\/uploads\/2014\/10\/fibra.jpg\" alt=\"fibra\" width=\"650\" height=\"475\" srcset=\"http:\/\/argentinamunicipal.com.ar\/argentina\/wp-content\/uploads\/2014\/10\/fibra.jpg 650w, http:\/\/argentinamunicipal.com.ar\/argentina\/wp-content\/uploads\/2014\/10\/fibra-300x219.jpg 300w\" sizes=\"auto, (max-width: 650px) 100vw, 650px\" \/><\/a><\/p>\n<p>El presidente de Aguas del Colorado, N\u00e9stor Anselmo Torres, asegur\u00f3 que en los \u00faltimos 2 a\u00f1os la conectividad de la fibra \u00f3ptica en La Pampa alcanz\u00f3 al 97% de las localidades pampeanas, mediante una cobertura de 2.300 kil\u00f3metros.<\/p>\n<p>El funcionario precis\u00f3 que en la actualidad la conexi\u00f3n de la fibra \u00f3ptica \u201cest\u00e1 asegurada para poder brindar los servicios a las distintas localidades y a partir de que Aguas del Colorado gestion\u00f3 la licencia como prestadora de servicios de telecomunicaciones y se comenz\u00f3 a trabajar en el marco del Plan Estrat\u00e9gico Digital que tiene el Gobierno provincial\u201d.<\/p>\n<p>Para ello se llevaron a cabo convenios con prestadores de la provincia, cooperativas y privados que permitieron la cobertura de 56 localidades con servicios de Internet.<\/p>\n<p>El servicio -que est\u00e1 subsidiado por la provincia en un 70%- actualmente tiene un valor de 50 pesos para 1 mega, bajo costo que repercute en beneficio directo del usuario por medio del programa denominado Internet Pampeano.<\/p>\n<p>Torres a\u00f1adi\u00f3 que \u201cen el marco de las pol\u00edticas comunicacionales que lleva adelante el Gobierno pampeano y en funci\u00f3n de ello, en la cobertura de la fibra tenemos conectadas las localidades a trav\u00e9s de sus organismos municipales, provinciales y nacionales\u201d.<\/p>\n<p>Adem\u00e1s detall\u00f3 que desde el a\u00f1o 2012 se brindan todos los servicios a Gobierno en materia de telefon\u00eda, datos y servicio de internet como distribuidor mayorista y que \u201ceste servicio est\u00e1 asegurado a partir del Data Center que es el edificio donde se resguarda todo lo que es equipamiento de la empresa y de los organismos provinciales como el ISS, Ministerio de Justicia y estamos pr\u00f3ximos a hacerlo con el Banco de La Pampa. De alguna manera no solo se asegura el servicio que se brinda a trav\u00e9s de la fibra, son la seguridad de la conexi\u00f3n y el equipamiento que sostienen el servicio\u201d, especific\u00f3.<\/p>\n<p>El Plan apunta al desarrollo de un Polo Tecnol\u00f3gico en La Pampa y como destac\u00f3 Torres \u201ceste camino que estamos recorriendo para llegar a su conformaci\u00f3n ha llevado a tener un reconocimiento nacional de los servicios que brinda Aguas del Colorado ya que estamos como una de las pocas provincias -y el a\u00f1o pasado la \u00fanica provincia- en brindar servicios de internet con un programa social subsidiado por el Gobierno y en un importante n\u00famero de localidades\u201d.<\/p>\n<h6>Fuente: La Reforma<\/h6>\n","protected":false},"excerpt":{"rendered":"<p>El presidente de Aguas del Colorado, N\u00e9stor Anselmo Torres, asegur\u00f3 que en los \u00faltimos 2 a\u00f1os la conectividad de la fibra \u00f3ptica en La Pampa alcanz\u00f3 al 97% de las localidades pampeanas, mediante una cobertura de 2.300 kil\u00f3metros. El funcionario precis\u00f3 que en la actualidad la conexi\u00f3n de la fibra \u00f3ptica \u201cest\u00e1 asegurada para poder<\/p>\n","protected":false},"author":2,"featured_media":15593,"comment_status":"closed","ping_status":"closed","sticky":false,"template":"","format":"standard","meta":{"footnotes":""},"categories":[2],"tags":[42],"class_list":["post-15592","post","type-post","status-publish","format-standard","has-post-thumbnail","hentry","category-informe-municipal","tag-la-pampa"],"_links":{"self":[{"href":"http:\/\/argentinamunicipal.com.ar\/argentina\/wp-json\/wp\/v2\/posts\/15592","targetHints":{"allow":["GET"]}}],"collection":[{"href":"http:\/\/argentinamunicipal.com.ar\/argentina\/wp-json\/wp\/v2\/posts"}],"about":[{"href":"http:\/\/argentinamunicipal.com.ar\/argentina\/wp-json\/wp\/v2\/types\/post"}],"author":[{"embeddable":true,"href":"http:\/\/argentinamunicipal.com.ar\/argentina\/wp-json\/wp\/v2\/users\/2"}],"replies":[{"embeddable":true,"href":"http:\/\/argentinamunicipal.com.ar\/argentina\/wp-json\/wp\/v2\/comments?post=15592"}],"version-history":[{"count":0,"href":"http:\/\/argentinamunicipal.com.ar\/argentina\/wp-json\/wp\/v2\/posts\/15592\/revisions"}],"wp:featuredmedia":[{"embeddable":true,"href":"http:\/\/argentinamunicipal.com.ar\/argentina\/wp-json\/wp\/v2\/media\/15593"}],"wp:attachment":[{"href":"http:\/\/argentinamunicipal.com.ar\/argentina\/wp-json\/wp\/v2\/media?parent=15592"}],"wp:term":[{"taxonomy":"category","embeddable":true,"href":"http:\/\/argentinamunicipal.com.ar\/argentina\/wp-json\/wp\/v2\/categories?post=15592"},{"taxonomy":"post_tag","embeddable":true,"href":"http:\/\/argentinamunicipal.com.ar\/argentina\/wp-json\/wp\/v2\/tags?post=15592"}],"curies":[{"name":"wp","href":"https:\/\/api.w.org\/{rel}","templated":true}]}}