{"id":1560,"date":"2014-02-19T12:06:00","date_gmt":"2014-02-19T15:06:00","guid":{"rendered":"http:\/\/argentinamunicipal.com.ar\/argentina\/?p=1560"},"modified":"2014-02-19T12:06:00","modified_gmt":"2014-02-19T15:06:00","slug":"la-suba-salarial-del-25-en-los-distintos-municipios-santiaguenos","status":"publish","type":"post","link":"http:\/\/argentinamunicipal.com.ar\/argentina\/la-suba-salarial-del-25-en-los-distintos-municipios-santiaguenos\/","title":{"rendered":"La suba salarial del 25% en los distintos municipios santiague\u00f1os"},"content":{"rendered":"<div id=\"attachment_1561\" style=\"width: 269px\" class=\"wp-caption alignright\"><a href=\"http:\/\/argentinamunicipal.com.ar\/argentina\/wp-content\/uploads\/2014\/02\/frias.jpeg\"><img loading=\"lazy\" decoding=\"async\" aria-describedby=\"caption-attachment-1561\" class=\"size-full wp-image-1561\" alt=\"El Palacio Municipal de Frias\" src=\"http:\/\/argentinamunicipal.com.ar\/argentina\/wp-content\/uploads\/2014\/02\/frias.jpeg\" width=\"259\" height=\"194\" \/><\/a><p id=\"caption-attachment-1561\" class=\"wp-caption-text\">El Palacio Municipal de Frias<\/p><\/div>\n<p>En algunas administraciones comunales ya se decidi\u00f3 otorgar el aumento y en otras a\u00fan se analizan las factibilidades econ\u00f3micas.<\/p>\n<h2>En Fr\u00edas esta semana har\u00e1n el anuncio<\/h2>\n<p>El intendente de Fr\u00edas, Humberto Salim, dijo que \u201cconjuntamente con el equipo econ\u00f3mico del Municipio se est\u00e1 evaluando la posibilidad de aplicar el aumento que brind\u00f3 la Gobernadora de la Provincia, para todos los agentes que forman la planta permanente del Municipio friense. En el trascurso de esta semana, se llevar\u00e1 a cabo el anuncio oficial al respecto, una vez que finalice el an\u00e1lisis de las finanzas\u201d. La Comuna local pag\u00f3 siempre todos los aumentos que fueron estipulados de la Provincia hacia sus trabajadores, de manera que haya igualdad en la escala salarial.<\/p>\n<h2>Mukdise ya firm\u00f3 el decreto del aumento<\/h2>\n<p>El intendente de la ciudad de Las Termas de R\u00edo Hondo, Miguel Mukdise, confirm\u00f3 a Nuevo Diario que ayer firm\u00f3 el decreto por el otorga el 25% del aumento salarial para los empleados municipales, al igual que otorg\u00f3 el Gobierno provincial, que se aplicar\u00e1 desde febrero. \u201cSignificar\u00e1 una erogaci\u00f3n de m\u00e1s de 1 mill\u00f3n y medio de pesos que se suma a la masa salarial\u201d, dijo. Agreg\u00f3 que se efectuar\u00e1 con fondos de la coparticipaci\u00f3n, ya que \u201cgracias al manejo y haber logrado el equilibrio econ\u00f3mico en la Comuna se puede otorgar esta suba\u201d. Analiza una suba para los monotribustistas.<\/p>\n<h2>Matarazzo: \u201cLa idea est\u00e1 en otorgar\u201d<\/h2>\n<p>El intendente de la ciudad de Fern\u00e1ndez, Ariel Matarazzo, en di\u00e1logo con Nuevo Diario, indic\u00f3 que hasta el viernes tendr\u00e1n una resoluci\u00f3n con respecto a la suba salarial para los empleados municipales. Si bien es cierto que el jefe comunal confirm\u00f3 que la \u201cidea est\u00e1 en otorgar\u201d el incremento del 25% como anunci\u00f3 la Provincia, a\u00fan \u201cestamos analizando las posibilidades\u201d. Dijo que por estas horas est\u00e1n efectuando los an\u00e1lisis econ\u00f3micos y factibilidades de la Comuna para este aumento, y que seguramente se reunir\u00e1n con el gremio de su ciudad.<\/p>\n<h2>Capellini: \u201cLa intenci\u00f3n es hacerlo efectivo\u201d<\/h2>\n<p>El intendente de la ciudad de Ojo de Agua, Rodolfo Cappellini, en di\u00e1logo con Nuevo Diario, dijo que \u201cel equipo econ\u00f3mico del Municipio est\u00e1 analizando lo que significar\u00eda el aumento del 25%\u201d para los empleados comunales, aunque reconoci\u00f3 que \u201cla intenci\u00f3n es hacerlo efectivo\u201d al igual que la provincia.<\/p>\n<p>En caso de concretarse el aumento dijo que tambi\u00e9n comenzar\u00eda desde febrero y beneficiar\u00eda a unos 150 empleados de la Comuna local.<\/p>\n<h2>\u201cEl Municipio de Selva se adhiere al aumento\u201d<\/h2>\n<p>El intendente de la ciudad de Selva, Miguel Mandrile, no dud\u00f3 en remarcar que el Municipio se adherir\u00e1 al aumento del 25% que otorg\u00f3 la Provincia. \u201cEs una erogaci\u00f3n muy importante que se har\u00e1 efectiva con fondos de la coparticipaci\u00f3n y regir\u00e1 desde el mes de febrero\u201d, a\u00f1adi\u00f3.<\/p>\n<p>Detall\u00f3 que por estos momentos est\u00e1n trabajando para concretar esta suba que beneficiar\u00e1 a casi 100 empleados. \u201cEstamos esperando el decreto provincial para poder adherirnos\u201d, expres\u00f3.<\/p>\n<h2>En A\u00f1atuya analizan las factibilidades financieras<\/h2>\n<p>Desde el Municipio de la ciudad de A\u00f1atuya, fuentes dignas de cr\u00e9dito dieron a conocer que luego del aumento salarial del 25% que brind\u00f3 la Provincia, est\u00e1n trabajando y efectuando las evaluaciones correspondientes para en los pr\u00f3ximos d\u00edas dar a conocer si la Comuna se adhiere a la suba que anunci\u00f3 la gobernadora de la Provincia, doctora Claudia Zamora. \u201cNo podemos decir a\u00fan que se har\u00e1 efectivo, porque todav\u00eda estamos analizando\u201d, indicaron.<\/p>\n<h6>Fuente: Nuevo Diario<\/h6>\n","protected":false},"excerpt":{"rendered":"<p>En algunas administraciones comunales ya se decidi\u00f3 otorgar el aumento y en otras a\u00fan se analizan las factibilidades econ\u00f3micas. En Fr\u00edas esta semana har\u00e1n el anuncio El intendente de Fr\u00edas, Humberto Salim, dijo que \u201cconjuntamente con el equipo econ\u00f3mico del Municipio se est\u00e1 evaluando la posibilidad de aplicar el aumento que brind\u00f3 la Gobernadora de<\/p>\n","protected":false},"author":1,"featured_media":1561,"comment_status":"closed","ping_status":"closed","sticky":false,"template":"","format":"standard","meta":{"footnotes":""},"categories":[7],"tags":[37],"class_list":["post-1560","post","type-post","status-publish","format-standard","has-post-thumbnail","hentry","category-informe-sindical","tag-santiago-del-estero"],"_links":{"self":[{"href":"http:\/\/argentinamunicipal.com.ar\/argentina\/wp-json\/wp\/v2\/posts\/1560","targetHints":{"allow":["GET"]}}],"collection":[{"href":"http:\/\/argentinamunicipal.com.ar\/argentina\/wp-json\/wp\/v2\/posts"}],"about":[{"href":"http:\/\/argentinamunicipal.com.ar\/argentina\/wp-json\/wp\/v2\/types\/post"}],"author":[{"embeddable":true,"href":"http:\/\/argentinamunicipal.com.ar\/argentina\/wp-json\/wp\/v2\/users\/1"}],"replies":[{"embeddable":true,"href":"http:\/\/argentinamunicipal.com.ar\/argentina\/wp-json\/wp\/v2\/comments?post=1560"}],"version-history":[{"count":0,"href":"http:\/\/argentinamunicipal.com.ar\/argentina\/wp-json\/wp\/v2\/posts\/1560\/revisions"}],"wp:featuredmedia":[{"embeddable":true,"href":"http:\/\/argentinamunicipal.com.ar\/argentina\/wp-json\/wp\/v2\/media\/1561"}],"wp:attachment":[{"href":"http:\/\/argentinamunicipal.com.ar\/argentina\/wp-json\/wp\/v2\/media?parent=1560"}],"wp:term":[{"taxonomy":"category","embeddable":true,"href":"http:\/\/argentinamunicipal.com.ar\/argentina\/wp-json\/wp\/v2\/categories?post=1560"},{"taxonomy":"post_tag","embeddable":true,"href":"http:\/\/argentinamunicipal.com.ar\/argentina\/wp-json\/wp\/v2\/tags?post=1560"}],"curies":[{"name":"wp","href":"https:\/\/api.w.org\/{rel}","templated":true}]}}