{"id":1570,"date":"2014-02-19T12:20:50","date_gmt":"2014-02-19T15:20:50","guid":{"rendered":"http:\/\/argentinamunicipal.com.ar\/argentina\/?p=1570"},"modified":"2014-02-19T12:20:50","modified_gmt":"2014-02-19T15:20:50","slug":"rio-grande-refuerza-el-programa-de-fomento-para-crear-cooperativas-de-trabajo","status":"publish","type":"post","link":"http:\/\/argentinamunicipal.com.ar\/argentina\/rio-grande-refuerza-el-programa-de-fomento-para-crear-cooperativas-de-trabajo\/","title":{"rendered":"R\u00edo Grande refuerza el programa de fomento para crear cooperativas de trabajo"},"content":{"rendered":"<p>No hay crecimiento posible para cualquier sociedad sin la generaci\u00f3n de nuevas oportunidades, sin la posibilidad de nuevas fuentes de empleo que procuren mayor inclusi\u00f3n social y bienestar para todos, donde cada miembro de la comunidad tenga su lugar, su ocasi\u00f3n de crecimiento.<\/p>\n<p>Siguiendo esta convicci\u00f3n, se est\u00e1 trabajando en el asesoramiento y apoyo a cooperativas de trabajo, apostando a la econom\u00eda social como un motor de cambio y como una nueva salida al desempleo y a la precariedad laboral.<\/p>\n<p>Con fondos enteramente municipales, se brinda la gu\u00eda y el sost\u00e9n necesarios para que estas emergentes cooperativas puedan iniciarse, brind\u00e1ndoles asimismo capacitaciones, para que puedan crecer en independencia y sostener ellas mismas cada d\u00eda sus propias fuentes de trabajo.<\/p>\n<p><a href=\"http:\/\/argentinamunicipal.com.ar\/argentina\/wp-content\/uploads\/2014\/02\/5304ab263c9fc_724_407.jpg\"><img loading=\"lazy\" decoding=\"async\" class=\"aligncenter size-full wp-image-1571\" alt=\"5304ab263c9fc_724_407!\" src=\"http:\/\/argentinamunicipal.com.ar\/argentina\/wp-content\/uploads\/2014\/02\/5304ab263c9fc_724_407.jpg\" width=\"724\" height=\"407\" srcset=\"http:\/\/argentinamunicipal.com.ar\/argentina\/wp-content\/uploads\/2014\/02\/5304ab263c9fc_724_407.jpg 724w, http:\/\/argentinamunicipal.com.ar\/argentina\/wp-content\/uploads\/2014\/02\/5304ab263c9fc_724_407-300x168.jpg 300w\" sizes=\"auto, (max-width: 724px) 100vw, 724px\" \/><\/a><\/p>\n<p>De \u00e9ste modo se llev\u00f3 a cabo una nueva capacitaci\u00f3n a cargo de especialistas de INAES (Instituto Nacional de Asociativismo) organismo, que se dedica al registro, promoci\u00f3n, capacitaci\u00f3n, fiscalizaci\u00f3n de cooperativas y mutuales a nivel pa\u00eds.<\/p>\n<p>Juan Castro, de Desarrollo Social dependiente de la Secretar\u00eda de Asuntos Sociales, record\u00f3 que \u201cesta es la segunda capacitaci\u00f3n que da la gente del INAES. La idea es poder bajar la informaci\u00f3n lo m\u00e1s simple posible y que la gente pueda entender de qu\u00e9 se trata. La idea es empezar y que esto funcione. Ya armamos dos cooperativas, en estos d\u00edas estamos esperando que lleguen las matr\u00edculas, as\u00ed que ellos vinieron a contarle eso a la gente y la idea del Municipio es que, m\u00e1s all\u00e1 del trabajo en s\u00ed que va a hacer la cooperativa, que la comunidad tambi\u00e9n pueda ir integr\u00e1ndose para trabajar en conjunto con el Municipio para el bien com\u00fan\u201d.<\/p>\n<p>Ampli\u00f3 Castro adem\u00e1s que \u201cen este momento estamos trabajando en dos rubros; uno pertenece a Parques y Jardines y se llama Altos Verdes del Sur y otra es de construcci\u00f3n que se llama Construcciones del Sur, as\u00ed que ya hay un plan de trabajo por lo que estamos ansiosos de recibir las matr\u00edculas por parte del INAES para poder empezar a trabajar. Por el momento son dos, pero vamos a ir por m\u00e1s, ya que el Municipio tiene intenciones de contratar a estar cooperativas para que el vecino pueda tambi\u00e9n ser parte de este proyecto\u201d.<\/p>\n<p>En tanto que Luis G\u00f3mez, licenciado en Econom\u00eda y referente del INAES, record\u00f3 que \u201cdesde el a\u00f1o 2003 se decidi\u00f3 encarar todos los aspectos de programas sociales a trav\u00e9s de la v\u00eda cooperativa, ya sea para construcci\u00f3n de agua potable, cloacas, emergencia habitacional, la construcci\u00f3n de centros integradores comunitarios u otros programas. En el caso de ac\u00e1, de R\u00edo Grande, se constituyeron dos que ya est\u00e1n a la firma, es decir ya fue aprobado por Legales y Registro y que, en el t\u00e9rmino de alrededor de quince d\u00edas, tienen personer\u00eda jur\u00eddica. Es una resoluci\u00f3n donde se les autoriza a funcionar y se les da el n\u00famero de matr\u00edcula\u201d.<\/p>\n<p>La idea es seguir creciendo, sumar m\u00e1s cooperativas de diversos rubros, ofreciendo no s\u00f3lo un \u00e1mbito donde las personas puedan hacer frente a sus necesidades laborales sino tambi\u00e9n una nueva oferta de servicios para los vecinos de nuestra ciudad.<\/p>\n<h6>Fuente: Reporte Austral<\/h6>\n","protected":false},"excerpt":{"rendered":"<p>No hay crecimiento posible para cualquier sociedad sin la generaci\u00f3n de nuevas oportunidades, sin la posibilidad de nuevas fuentes de empleo que procuren mayor inclusi\u00f3n social y bienestar para todos, donde cada miembro de la comunidad tenga su lugar, su ocasi\u00f3n de crecimiento. Siguiendo esta convicci\u00f3n, se est\u00e1 trabajando en el asesoramiento y apoyo a<\/p>\n","protected":false},"author":1,"featured_media":1571,"comment_status":"closed","ping_status":"closed","sticky":false,"template":"","format":"standard","meta":{"footnotes":""},"categories":[2],"tags":[34],"class_list":["post-1570","post","type-post","status-publish","format-standard","has-post-thumbnail","hentry","category-informe-municipal","tag-tierra-del-fuego"],"_links":{"self":[{"href":"http:\/\/argentinamunicipal.com.ar\/argentina\/wp-json\/wp\/v2\/posts\/1570","targetHints":{"allow":["GET"]}}],"collection":[{"href":"http:\/\/argentinamunicipal.com.ar\/argentina\/wp-json\/wp\/v2\/posts"}],"about":[{"href":"http:\/\/argentinamunicipal.com.ar\/argentina\/wp-json\/wp\/v2\/types\/post"}],"author":[{"embeddable":true,"href":"http:\/\/argentinamunicipal.com.ar\/argentina\/wp-json\/wp\/v2\/users\/1"}],"replies":[{"embeddable":true,"href":"http:\/\/argentinamunicipal.com.ar\/argentina\/wp-json\/wp\/v2\/comments?post=1570"}],"version-history":[{"count":0,"href":"http:\/\/argentinamunicipal.com.ar\/argentina\/wp-json\/wp\/v2\/posts\/1570\/revisions"}],"wp:featuredmedia":[{"embeddable":true,"href":"http:\/\/argentinamunicipal.com.ar\/argentina\/wp-json\/wp\/v2\/media\/1571"}],"wp:attachment":[{"href":"http:\/\/argentinamunicipal.com.ar\/argentina\/wp-json\/wp\/v2\/media?parent=1570"}],"wp:term":[{"taxonomy":"category","embeddable":true,"href":"http:\/\/argentinamunicipal.com.ar\/argentina\/wp-json\/wp\/v2\/categories?post=1570"},{"taxonomy":"post_tag","embeddable":true,"href":"http:\/\/argentinamunicipal.com.ar\/argentina\/wp-json\/wp\/v2\/tags?post=1570"}],"curies":[{"name":"wp","href":"https:\/\/api.w.org\/{rel}","templated":true}]}}