{"id":157724,"date":"2025-07-10T06:11:59","date_gmt":"2025-07-10T09:11:59","guid":{"rendered":"http:\/\/argentinamunicipal.com.ar\/argentina\/?p=157724"},"modified":"2025-07-10T06:11:59","modified_gmt":"2025-07-10T09:11:59","slug":"alpargatas-en-una-crisis-muy-seria","status":"publish","type":"post","link":"http:\/\/argentinamunicipal.com.ar\/argentina\/alpargatas-en-una-crisis-muy-seria\/","title":{"rendered":"Alpargatas, en una crisis muy seria"},"content":{"rendered":"<p>Entre los sectores industriales, el textil sigue siendo el m\u00e1s golpeado. En las \u00faltimas horas, una empresa grande avis\u00f3 que baja radicalmente su producci\u00f3n por falta de demanda y, adem\u00e1s, suspende trabajadores. Todo en el marco de la decisi\u00f3n del gobierno de Javier Milei de abrir las importaciones en un mercado interno deprimido y sin consumo vigoroso.<\/p>\n<p>La referencia es para la textil Alpargatas, en cuya planta de Bella Vista, Corrientes, hay una situaci\u00f3n cr\u00edtica: seg\u00fan confi\u00f3 el gremio textil, la compa\u00f1\u00eda redujo a la mitad su producci\u00f3n de telas, avanz\u00f3 con despidos y retiros voluntarios, y ahora analiza frenar la actividad por algunos d\u00edas, lo que eleva la incertidumbre de sus 400 trabajadores.<\/p>\n<p>El dato m\u00e1s fuerte es el derrumbe en la elaboraci\u00f3n de telas. De acuerdo a declaraciones del delegado gremial Eduardo Esp\u00edndola, la planta pas\u00f3 de fabricar unas 1,2 mill\u00f3n de unidades de tela a apenas la mitad, y las proyecciones indican que podr\u00eda reducirse todav\u00eda m\u00e1s, hasta rondar las 300.000 unidades en los pr\u00f3ximos meses.<\/p>\n<p>Este colapso forz\u00f3 a los due\u00f1os de la empresa a tomar decisiones complicadas para la actividad y los trabajadores. Nueve empleados fueron despedidos en las \u00faltimas horas y les otorgaron retiros voluntarios a otros 27.<\/p>\n<p>\u201cEl sector textil es el primero que sufre cuando hay crisis. Cada vez que se abren las importaciones, nos pega directo\u201d, advirti\u00f3 Roberto Vandecaveye, secretario gremial de los obreros textiles de Bella Vista.<\/p>\n<p>La situaci\u00f3n que muestra Alpargatas se da en un contexto general del sector muy malo, no solo apremiado por la ca\u00edda del consumo, sino tambi\u00e9n por el ingreso indiscriminado de importaciones. Un informe reciente de la Fundaci\u00f3n Protejer precis\u00f3 que \u00abel consumo no repunta y la presi\u00f3n externa se intensifica. Durante el primer trimestre de 2025, 5 de cada 10 empresas del sector textil e indumentaria registraron una ca\u00edda en sus ventasrespecto del mismo per\u00edodo del a\u00f1o anterior, con una merma promedio del 5 por ciento\u00bb.<\/p>\n<h6>Fuente: P\u00e1gina 12<\/h6>\n","protected":false},"excerpt":{"rendered":"<p>Entre los sectores industriales, el textil sigue siendo el m\u00e1s golpeado. En las \u00faltimas horas, una empresa grande avis\u00f3 que baja radicalmente su producci\u00f3n por falta de demanda y, adem\u00e1s, suspende trabajadores.<\/p>\n","protected":false},"author":2,"featured_media":157725,"comment_status":"closed","ping_status":"closed","sticky":false,"template":"","format":"standard","meta":{"footnotes":""},"categories":[2],"tags":[13],"class_list":["post-157724","post","type-post","status-publish","format-standard","has-post-thumbnail","hentry","category-informe-municipal","tag-corrientes"],"_links":{"self":[{"href":"http:\/\/argentinamunicipal.com.ar\/argentina\/wp-json\/wp\/v2\/posts\/157724","targetHints":{"allow":["GET"]}}],"collection":[{"href":"http:\/\/argentinamunicipal.com.ar\/argentina\/wp-json\/wp\/v2\/posts"}],"about":[{"href":"http:\/\/argentinamunicipal.com.ar\/argentina\/wp-json\/wp\/v2\/types\/post"}],"author":[{"embeddable":true,"href":"http:\/\/argentinamunicipal.com.ar\/argentina\/wp-json\/wp\/v2\/users\/2"}],"replies":[{"embeddable":true,"href":"http:\/\/argentinamunicipal.com.ar\/argentina\/wp-json\/wp\/v2\/comments?post=157724"}],"version-history":[{"count":0,"href":"http:\/\/argentinamunicipal.com.ar\/argentina\/wp-json\/wp\/v2\/posts\/157724\/revisions"}],"wp:featuredmedia":[{"embeddable":true,"href":"http:\/\/argentinamunicipal.com.ar\/argentina\/wp-json\/wp\/v2\/media\/157725"}],"wp:attachment":[{"href":"http:\/\/argentinamunicipal.com.ar\/argentina\/wp-json\/wp\/v2\/media?parent=157724"}],"wp:term":[{"taxonomy":"category","embeddable":true,"href":"http:\/\/argentinamunicipal.com.ar\/argentina\/wp-json\/wp\/v2\/categories?post=157724"},{"taxonomy":"post_tag","embeddable":true,"href":"http:\/\/argentinamunicipal.com.ar\/argentina\/wp-json\/wp\/v2\/tags?post=157724"}],"curies":[{"name":"wp","href":"https:\/\/api.w.org\/{rel}","templated":true}]}}