{"id":15831,"date":"2014-10-04T10:36:20","date_gmt":"2014-10-04T13:36:20","guid":{"rendered":"http:\/\/argentinamunicipal.com.ar\/argentina\/?p=15831"},"modified":"2015-04-28T16:05:31","modified_gmt":"2015-04-28T19:05:31","slug":"el-papa-francisco-esta-nominado-al-nobel-de-la-paz","status":"publish","type":"post","link":"http:\/\/argentinamunicipal.com.ar\/argentina\/el-papa-francisco-esta-nominado-al-nobel-de-la-paz\/","title":{"rendered":"El Papa Francisco est\u00e1 nominado al Nobel de la Paz"},"content":{"rendered":"<p><a href=\"http:\/\/argentinamunicipal.com.ar\/argentina\/wp-content\/uploads\/2014\/10\/papa-francisco-pplano.jpg\"><img loading=\"lazy\" decoding=\"async\" class=\"aligncenter  wp-image-15832\" src=\"http:\/\/argentinamunicipal.com.ar\/argentina\/wp-content\/uploads\/2014\/10\/papa-francisco-pplano.jpg\" alt=\"papa-francisco-pplano\" width=\"778\" height=\"513\" srcset=\"http:\/\/argentinamunicipal.com.ar\/argentina\/wp-content\/uploads\/2014\/10\/papa-francisco-pplano.jpg 980w, http:\/\/argentinamunicipal.com.ar\/argentina\/wp-content\/uploads\/2014\/10\/papa-francisco-pplano-300x197.jpg 300w\" sizes=\"auto, (max-width: 778px) 100vw, 778px\" \/><\/a><br \/>\nDe acuerdo a lo que se inform\u00f3 para la categor\u00eda hay mas de 270 inscriptos. De todos modos el Papa argentino tiene mucho consenso a favor.<\/p>\n<p>En la antesala a la entrega de los premios Nobel, que se conocer\u00e1n a partir del lunes pr\u00f3ximo, el nombre del papa Francisco ya figura entre unos de los favoritos para ser galardonado con el de la Paz, obtenido por argentinos en dos oportunidades: en 1936 se distingui\u00f3 a Carlos Saavedra Lamas y en 1980, a Adolfo P\u00e9rez Esquivel.<\/p>\n<p>Seg\u00fan transcendi\u00f3 en las \u00faltimas horas, pese a que la lista completa es secreta, Francisco fue propuesto para ser galardonado para el Nobel de la Paz, luego de su llega al Vaticano en marzo del a\u00f1o pasado.<\/p>\n<p>Jorge Bergoglio est\u00e1 entre los favoritos junto con el ex consultor de la Agencia de Seguridad Nacional (NSA) de Estados Unidos Edward Snowden y la activista paquistan\u00ed Malala Yusafzai. Para esa categor\u00eda, cuyo ganador se conocer\u00e1 el viernes 10, hay una cifra r\u00e9cord de 278 candidaturas.<\/p>\n<p>Para Kristian Berg Harpviken, director del Instituto de Investigaci\u00f3n para la Paz de Oslo (PRIO), el jefe de la Iglesia cat\u00f3lica es el m\u00e1ximo favorito, por delante de Snowden, al que ve como un personaje controvertido porque \u201cmuchos lo siguen viendo como un traidor y como alguien que ha infringido la ley\u201d.<\/p>\n<p>Si los cinco miembros del Comit\u00e9 Nobel designan a este joven refugiado en Rusia, \u201cpondr\u00edan de manifiesto su independencia\u201d, estima Nobeliana.com, la p\u00e1gina de internet de los historiadores noruegos.<\/p>\n<p>El papa Francisco, que figura en cabeza de las apuestas del bookmaker Paddy Power, es un candidato que tambi\u00e9n divide. Seg\u00fan Berg Harpviken, \u201cla profundamente injusta distribuci\u00f3n mundial de las riquezas hace da\u00f1o a la paz\u201d, y el Papa \u201cha llamado la atenci\u00f3n sobre la suerte de los pobres y la necesidad de una nueva l\u00f3gica de desarrollo y redistribuci\u00f3n econ\u00f3mica\u201d.<\/p>\n<p>Pero otros expertos imaginan que el Comit\u00e9 Nobel no quiere recibir los mismos reproches que cuando premi\u00f3 a Barack Obama en 2009, menos de un a\u00f1o despu\u00e9s de su llegada a la Casa Blanca.<\/p>\n<p>Podr\u00eda ser uno de los postulados el a\u00f1o pasado, como Malala Yusafzai, de 17 a\u00f1os, militante del derecho a la educaci\u00f3n, o el m\u00e9dico Denis Mukwege, que atiende a las mujeres violadas en el este del Congo. El Nobel podr\u00eda ir a Rusia, por ejemplo al diario opositor Novaya Gazeta (cofundado por Mija\u00edl Gorbachov en 1993 con el dinero de su Premio Nobel), o a Bielorrusia, al militante de los derechos humanos Ales Bialiatski. \u201cEste a\u00f1o estuvo marcado por muchos dramas. Eso podr\u00eda implicar que la lista [de candidatos] sea diferente\u201d, declar\u00f3 Harpviken a la agencia noruega NTB.<\/p>\n<p><strong>En Literatura, misterio<\/strong><\/p>\n<p>El Nobel de Medicina abrir\u00e1 el pr\u00f3ximo lunes la tradicional ronda de ganadores de estos premios que desde 1901 distinguen la excelencia en varias categor\u00edas.<\/p>\n<p>A este anuncio le seguir\u00e1n los d\u00edas siguientes los de F\u00edsica, Qu\u00edmica, de la Paz y Econom\u00eda, \u00fanico no instituido por el magnate sueco Alfred Nobel (1833-1896), inventor de la dinamita, sino que fue creado medio siglo despu\u00e9s por el Banco de Suecia.<\/p>\n<p>La Academia Sueca a\u00fan no ha comunicado qu\u00e9 d\u00eda se fallar\u00e1 el Nobel de Literatura, que se entrega siempre un jueves y que, de acuerdo con la tradici\u00f3n reciente, este a\u00f1o deber\u00eda ser el d\u00eda 9. Si la Academia no consigue ponerse de acuerdo, el anuncio se retrasar\u00eda una semana.<\/p>\n<p>El c\u00e9lebre novelista japon\u00e9s Haruki Murakami sigue siendo el favorito de las apuestas pero no entre la cr\u00edtica. \u201cA sus obras les falta un plus de profundidad\u201d, afirma tajante Elise Karlsson, cr\u00edtica literaria del diario Svenska Dagbladet. Claes Wahlin, del diario sueco Aftonbladet, estima que el novelista somal\u00ed Nuruddin Farah, de habla inglesa, es \u201cdel estilo de la Academia sueca\u201d.<\/p>\n<p>El Nobel est\u00e1 dotado no s\u00f3lo de una distinci\u00f3n y reconocimiento mundial, sino tambi\u00e9n de una recompensa de 8 millones de coronas suecas, poco m\u00e1s de un mill\u00f3n de d\u00f3lares. Cuando son varios los recompensados, como suele suceder con las ciencias, la cantidad se divide en partes iguales.<\/p>\n<h6>Fuente: El Zonda<\/h6>\n","protected":false},"excerpt":{"rendered":"<p>De acuerdo a lo que se inform\u00f3 para la categor\u00eda hay mas de 270 inscriptos. De todos modos el Papa argentino tiene mucho consenso a favor. En la antesala a la entrega de los premios Nobel, que se conocer\u00e1n a partir del lunes pr\u00f3ximo, el nombre del papa Francisco ya figura entre unos de los<\/p>\n","protected":false},"author":2,"featured_media":15832,"comment_status":"closed","ping_status":"closed","sticky":false,"template":"","format":"standard","meta":{"footnotes":""},"categories":[8],"tags":[21],"class_list":["post-15831","post","type-post","status-publish","format-standard","has-post-thumbnail","hentry","category-informe-nacional","tag-argentina"],"_links":{"self":[{"href":"http:\/\/argentinamunicipal.com.ar\/argentina\/wp-json\/wp\/v2\/posts\/15831","targetHints":{"allow":["GET"]}}],"collection":[{"href":"http:\/\/argentinamunicipal.com.ar\/argentina\/wp-json\/wp\/v2\/posts"}],"about":[{"href":"http:\/\/argentinamunicipal.com.ar\/argentina\/wp-json\/wp\/v2\/types\/post"}],"author":[{"embeddable":true,"href":"http:\/\/argentinamunicipal.com.ar\/argentina\/wp-json\/wp\/v2\/users\/2"}],"replies":[{"embeddable":true,"href":"http:\/\/argentinamunicipal.com.ar\/argentina\/wp-json\/wp\/v2\/comments?post=15831"}],"version-history":[{"count":0,"href":"http:\/\/argentinamunicipal.com.ar\/argentina\/wp-json\/wp\/v2\/posts\/15831\/revisions"}],"wp:featuredmedia":[{"embeddable":true,"href":"http:\/\/argentinamunicipal.com.ar\/argentina\/wp-json\/wp\/v2\/media\/15832"}],"wp:attachment":[{"href":"http:\/\/argentinamunicipal.com.ar\/argentina\/wp-json\/wp\/v2\/media?parent=15831"}],"wp:term":[{"taxonomy":"category","embeddable":true,"href":"http:\/\/argentinamunicipal.com.ar\/argentina\/wp-json\/wp\/v2\/categories?post=15831"},{"taxonomy":"post_tag","embeddable":true,"href":"http:\/\/argentinamunicipal.com.ar\/argentina\/wp-json\/wp\/v2\/tags?post=15831"}],"curies":[{"name":"wp","href":"https:\/\/api.w.org\/{rel}","templated":true}]}}