{"id":158312,"date":"2025-08-06T05:00:09","date_gmt":"2025-08-06T08:00:09","guid":{"rendered":"http:\/\/argentinamunicipal.com.ar\/argentina\/?p=158312"},"modified":"2025-08-06T05:57:38","modified_gmt":"2025-08-06T08:57:38","slug":"fiesta-nacional-de-la-nieve-2025-en-bariloche-del-14-al-17-de-agosto","status":"publish","type":"post","link":"http:\/\/argentinamunicipal.com.ar\/argentina\/fiesta-nacional-de-la-nieve-2025-en-bariloche-del-14-al-17-de-agosto\/","title":{"rendered":"Fiesta Nacional de la Nieve 2025 en Bariloche\u00a0del 14 al 17 de agosto"},"content":{"rendered":"<p>El evento se realizar\u00e1 del 15 al 17 de agosto con apoyo privado. Habr\u00e1 concurso de hacheros, elecci\u00f3n de la Reina, esculturas de hielo, carrera de mozos, bandas en vivo y hasta una \u00abcarrera de periodistas\u00bb.<\/p>\n<p>El anuncio estuvo encabezado por el secretario de Turismo municipal, Sergio Herrero, quien confirm\u00f3 que el evento contar\u00e1 con shows musicales, concursos tradicionales y actividades abiertas al p\u00fablico, con el apoyo de sponsors privados.<\/p>\n<p>\u201cVamos a repetir el esquema del a\u00f1o pasado, donde los auspiciantes pagan los shows y la movilidad. Eso nos permite erogar lo menos posible de las arcas municipales\u201d, sostuvo Herrero. Entre las empresas que confirmaron su participaci\u00f3n est\u00e1n Pepsi, McDonald&#8217;s, Speed y Travel Rock.<\/p>\n<p>Uno de los principales atractivos ser\u00e1 la presentaci\u00f3n de La T y La M, el d\u00fao popular por su hit dedicado a la selecci\u00f3n argentina. \u201cOfrecen un show lleno de energ\u00eda y alegr\u00eda, ideal para esta fiesta\u201d, coment\u00f3 el funcionario. Tambi\u00e9n se negocia la participaci\u00f3n de Tiago PZK y otras dos bandas, a\u00fan por confirmar.<\/p>\n<p>Adem\u00e1s de los shows, la propuesta retoma numerosas actividades tradicionales:<\/p>\n<p>-Concurso de Hacheros<\/p>\n<p>-Carrera de Mozos<\/p>\n<p>-Concurso del Pul\u00f3ver<\/p>\n<p>-Elecci\u00f3n de la Reina Nacional de la Nieve<\/p>\n<p>-Esculturas de Hielo y Madera<\/p>\n<p>-Desfile N\u00e1utico<\/p>\n<p>-Concurso de Tortas<\/p>\n<p>Competencia de Bomberos<\/p>\n<p>\u201cQueremos volver a las tradiciones. La elecci\u00f3n de la reina vuelve con 15 candidatas. Las vamos a llevar a esquiar, a conocer el Cerro Otto, Isla Victoria, y otras experiencias para que realmente puedan divulgar lo que es Bariloche\u201d, explic\u00f3 Herrero.<\/p>\n<p>Entre las novedades, se eval\u00faa tambi\u00e9n el regreso del desfile de carrozas y una carrera de periodistas en el Cerro Catedral. \u201cQueremos ver qu\u00e9 actividad podemos hacer con ustedes tambi\u00e9n\u201d, dijo el funcionario ante la prensa.<\/p>\n<p>Consultado por Bariloche Opina sobre la conectividad a\u00e9rea y su impacto tur\u00edstico, Herrero afirm\u00f3: \u201cSe ha trabajado mucho con l\u00edneas a\u00e9reas, sobre todo de Brasil. Las aerol\u00edneas nacionales nos tienen como destino fuerte. Cuando pon\u00e9s una promo, Bariloche no viene vac\u00edo. Y si encima le sum\u00e1s la Fiesta de la Nieve como atractivo, el vuelo se vende solo\u201d.<\/p>\n<p>Finalmente, el funcionario hizo una reflexi\u00f3n sobre el esp\u00edritu de la celebraci\u00f3n: \u201cLa Fiesta de la Nieve es un mix entre lo promocional y lo popular. Es una tradici\u00f3n para la ciudad, pero tambi\u00e9n un im\u00e1n para el turismo. Y lo mejor: los shows ser\u00e1n gratuitos, para que cualquier vecino pueda ver un artista nacional sin tener que viajar\u201d.<\/p>\n<h6>\nFuente: Bariloche Opina<\/h6>\n","protected":false},"excerpt":{"rendered":"<p>Del jueves 14 al domingo 17 de agosto, Bariloche vivir\u00e1 la 54\u00b0 edici\u00f3n de su emblem\u00e1tica Fiesta Nacional de la Nieve, con entrada libre y gratuita para disfrutar en familia.<\/p>\n","protected":false},"author":2,"featured_media":158313,"comment_status":"closed","ping_status":"closed","sticky":false,"template":"","format":"standard","meta":{"footnotes":""},"categories":[47],"tags":[11],"class_list":["post-158312","post","type-post","status-publish","format-standard","has-post-thumbnail","hentry","category-fiestas","tag-rio-negro"],"_links":{"self":[{"href":"http:\/\/argentinamunicipal.com.ar\/argentina\/wp-json\/wp\/v2\/posts\/158312","targetHints":{"allow":["GET"]}}],"collection":[{"href":"http:\/\/argentinamunicipal.com.ar\/argentina\/wp-json\/wp\/v2\/posts"}],"about":[{"href":"http:\/\/argentinamunicipal.com.ar\/argentina\/wp-json\/wp\/v2\/types\/post"}],"author":[{"embeddable":true,"href":"http:\/\/argentinamunicipal.com.ar\/argentina\/wp-json\/wp\/v2\/users\/2"}],"replies":[{"embeddable":true,"href":"http:\/\/argentinamunicipal.com.ar\/argentina\/wp-json\/wp\/v2\/comments?post=158312"}],"version-history":[{"count":0,"href":"http:\/\/argentinamunicipal.com.ar\/argentina\/wp-json\/wp\/v2\/posts\/158312\/revisions"}],"wp:featuredmedia":[{"embeddable":true,"href":"http:\/\/argentinamunicipal.com.ar\/argentina\/wp-json\/wp\/v2\/media\/158313"}],"wp:attachment":[{"href":"http:\/\/argentinamunicipal.com.ar\/argentina\/wp-json\/wp\/v2\/media?parent=158312"}],"wp:term":[{"taxonomy":"category","embeddable":true,"href":"http:\/\/argentinamunicipal.com.ar\/argentina\/wp-json\/wp\/v2\/categories?post=158312"},{"taxonomy":"post_tag","embeddable":true,"href":"http:\/\/argentinamunicipal.com.ar\/argentina\/wp-json\/wp\/v2\/tags?post=158312"}],"curies":[{"name":"wp","href":"https:\/\/api.w.org\/{rel}","templated":true}]}}