{"id":158517,"date":"2025-08-07T05:29:33","date_gmt":"2025-08-07T08:29:33","guid":{"rendered":"http:\/\/argentinamunicipal.com.ar\/argentina\/?p=158517"},"modified":"2025-08-06T18:31:55","modified_gmt":"2025-08-06T21:31:55","slug":"sitram-reconquista-anuncio-un-paro-de-24-horas-por-traslados-arbitrarios-y-hostigamiento-a-trabajadores","status":"publish","type":"post","link":"http:\/\/argentinamunicipal.com.ar\/argentina\/sitram-reconquista-anuncio-un-paro-de-24-horas-por-traslados-arbitrarios-y-hostigamiento-a-trabajadores\/","title":{"rendered":"SITRAM Reconquista anunci\u00f3 un paro de 24 horas por traslados arbitrarios y hostigamiento a trabajadores"},"content":{"rendered":"<p>El Sindicato de Trabajadores Municipales de Reconquista (SITRAM) confirm\u00f3 un paro total de actividades por 24 horas, que comenzar\u00e1 a regir desde las 00:00 horas de este jueves 7 de agosto, en respuesta a una serie de irregularidades que \u2014seg\u00fan denuncian\u2014 viene cometiendo el Ejecutivo municipal.<\/p>\n<p>La medida fue resuelta tras no obtener respuestas concretas por parte del gobierno local a los m\u00faltiples reclamos planteados por el gremio: traslados unilaterales y arbitrarios, hostigamiento, amenazas, pago de horas extras en bonos, falta de indumentaria adecuada, condiciones edilicias precarias, entre otros puntos.<\/p>\n<p>La situaci\u00f3n volvi\u00f3 a tensarse el mi\u00e9rcoles 6 de agosto, cuando el Departamento El\u00e9ctrico inici\u00f3 una jornada de protesta por el traslado de tres trabajadores que, de acuerdo a la titular del gremio, Andrea Paz, se realiz\u00f3 de forma \u201cimpulsiva y unilateral\u201d.<\/p>\n<p>\u201cEsto viene en una seguidilla de hace varias semanas en distintas secretar\u00edas, con la misma forma de manejarse por parte del Ejecutivo\u201d, manifest\u00f3 Paz, quien record\u00f3 que el gremio ya hab\u00eda advertido p\u00fablicamente sobre estas pr\u00e1cticas. \u201cEmitimos un comunicado denunciando el hostigamiento, el apriete, la persecuci\u00f3n y las amenazas, pero lejos de detenerse, el conflicto se agrav\u00f3\u201d, asegur\u00f3.<\/p>\n<p>En relaci\u00f3n a los traslados del personal, la dirigente sindical remarc\u00f3 que cuentan con el respaldo de la Ley 9.286, que establece con claridad los mecanismos para sancionar a un trabajador, \u201cy en ninguno de estos casos se respetaron los pasos legales\u201d.<\/p>\n<p>Seg\u00fan explic\u00f3, primero se argument\u00f3 que se trataba de un castigo por incumplimiento de tareas, pero luego el argumento fue que los empleados eran tan eficientes que se los necesitaba en otros sectores. \u201c\u00bfCu\u00e1l era ese otro lugar? La plaza. Son electricistas y los mandan a cortar y limpiar el pasto. No es una desvalorizaci\u00f3n de esa tarea, pero evidencia que el objetivo del Ejecutivo es amedrentar y presionar al trabajador\u201d, reproch\u00f3.<\/p>\n<p>Durante la ma\u00f1ana del mi\u00e9rcoles, los empleados se convocaron frente al Departamento El\u00e9ctrico exigiendo respuestas del secretario de Obras y Servicios P\u00fablicos, el ingeniero Carlos Castellani, con quien ya hab\u00edan mantenido conversaciones, sin llegar a un acuerdo. \u201cNo entran en raz\u00f3n con los planteos que hacemos\u201d, lament\u00f3 Paz.<\/p>\n<p>Adem\u00e1s, desde el Municipio se inform\u00f3 la apertura de un sumario administrativo, aunque desde el gremio consideran que ya se juzg\u00f3 previamente a los trabajadores, lo que invalida el procedimiento. \u201cEse sumario est\u00e1 viciado de nulidad. No se puede dictar un resultado antes de abrir el sumario. Es una persecuci\u00f3n directa y no lo vamos a permitir\u201d, sostuvo la secretaria general.<\/p>\n<p>Paz tambi\u00e9n se\u00f1al\u00f3 que este tipo de irregularidades no son aisladas, sino que se repiten en otros sectores como el de barrido manual, donde denuncian que env\u00edan a mujeres a trabajar desde las 4 de la madrugada, solas, bajo \u00f3rdenes de un asesor designado recientemente por el intendente, al que apunt\u00f3 como responsable del malestar interno. \u201cDesde las tinieblas y desde la noche, dirige la Secretar\u00eda de Servicios P\u00fablicos\u201d, ironiz\u00f3.<\/p>\n<p>Finalmente, la dirigente reconoci\u00f3 que los traslados pueden realizarse, pero dentro del marco de una reestructuraci\u00f3n leg\u00edtima, algo que en este caso no ocurre. \u201cAc\u00e1 no hay reestructuraci\u00f3n. Hay una disputa de a\u00f1os, un conflicto que arrastramos desde hace tiempo. Ya pas\u00f3 antes, cuando la secretaria era Florencia Gasparutti, con quien pudimos dialogar y resolver. Hoy no vemos voluntad del otro lado\u201d, concluy\u00f3.<\/p>\n<p>El paro afectar\u00e1 a todas las \u00e1reas de la Municipalidad de Reconquista este jueves y podr\u00eda extenderse si no se genera una instancia de di\u00e1logo efectiva entre el Ejecutivo y el sindicato.<\/p>\n<h6>Fuente: radioamanecer.com.ar<\/h6>\n","protected":false},"excerpt":{"rendered":"<p>El Sindicato de Trabajadores Municipales de Reconquista (SITRAM) confirm\u00f3 un paro total de actividades por 24 horas, que comenzar\u00e1 a regir desde las 00:00 horas de este jueves 7 de agosto, en respuesta a una serie de irregularidades que \u2014seg\u00fan denuncian\u2014 viene cometiendo el Ejecutivo municipal.<\/p>\n","protected":false},"author":2,"featured_media":158518,"comment_status":"closed","ping_status":"closed","sticky":false,"template":"","format":"standard","meta":{"footnotes":""},"categories":[7],"tags":[10],"class_list":["post-158517","post","type-post","status-publish","format-standard","has-post-thumbnail","hentry","category-informe-sindical","tag-santa-fe"],"_links":{"self":[{"href":"http:\/\/argentinamunicipal.com.ar\/argentina\/wp-json\/wp\/v2\/posts\/158517","targetHints":{"allow":["GET"]}}],"collection":[{"href":"http:\/\/argentinamunicipal.com.ar\/argentina\/wp-json\/wp\/v2\/posts"}],"about":[{"href":"http:\/\/argentinamunicipal.com.ar\/argentina\/wp-json\/wp\/v2\/types\/post"}],"author":[{"embeddable":true,"href":"http:\/\/argentinamunicipal.com.ar\/argentina\/wp-json\/wp\/v2\/users\/2"}],"replies":[{"embeddable":true,"href":"http:\/\/argentinamunicipal.com.ar\/argentina\/wp-json\/wp\/v2\/comments?post=158517"}],"version-history":[{"count":0,"href":"http:\/\/argentinamunicipal.com.ar\/argentina\/wp-json\/wp\/v2\/posts\/158517\/revisions"}],"wp:featuredmedia":[{"embeddable":true,"href":"http:\/\/argentinamunicipal.com.ar\/argentina\/wp-json\/wp\/v2\/media\/158518"}],"wp:attachment":[{"href":"http:\/\/argentinamunicipal.com.ar\/argentina\/wp-json\/wp\/v2\/media?parent=158517"}],"wp:term":[{"taxonomy":"category","embeddable":true,"href":"http:\/\/argentinamunicipal.com.ar\/argentina\/wp-json\/wp\/v2\/categories?post=158517"},{"taxonomy":"post_tag","embeddable":true,"href":"http:\/\/argentinamunicipal.com.ar\/argentina\/wp-json\/wp\/v2\/tags?post=158517"}],"curies":[{"name":"wp","href":"https:\/\/api.w.org\/{rel}","templated":true}]}}