{"id":158554,"date":"2025-08-08T05:16:29","date_gmt":"2025-08-08T08:16:29","guid":{"rendered":"http:\/\/argentinamunicipal.com.ar\/argentina\/?p=158554"},"modified":"2025-08-07T06:21:45","modified_gmt":"2025-08-07T09:21:45","slug":"los-vetos-de-milei-benefician-a-los-sectores-de-poder","status":"publish","type":"post","link":"http:\/\/argentinamunicipal.com.ar\/argentina\/los-vetos-de-milei-benefician-a-los-sectores-de-poder\/","title":{"rendered":"Los vetos de Milei benefician a los sectores de poder"},"content":{"rendered":"<p>Los vetos del Presidente Javier Milei al aumento de las Jubilaciones y dictar la Emergencia en Discapacidad es una nueva demostraci\u00f3n de cu\u00e1les son los sectores directamente perjudicados por sus pol\u00edticas.<\/p>\n<p>Sin embargo, en el mismo momento en que estas medidas se conoc\u00edan, el titular de Poder Ejecutivo nacional, realizaba una baja en las retenciones, que por supuesto tienen un beneficiario directo en los grupos sojeros, y en los grandes productores rurales. Est\u00e1 claro entonces, quienes son los beneficiarios y quienes las v\u00edctimas de su modelo econ\u00f3mico.<\/p>\n<p>Resulta imprescindible al interior de nuestras organizaciones, dar un debate concreto sobre las implicancias de estas medidas y el impacto a corto y mediano plazo que tendr\u00e1 en miles de familias argentinas.<\/p>\n<p>La frase de Milei sobre que, si la gente no llegara a fin de mes, la calle estar\u00eda llena de cad\u00e1veres, expresa la impunidad de los poderosos y la falta de sensibilidad de los mediocres. Las personas que duermen en la calle, las que comen de la basura, los que mendigan en las esquinas de todas las ciudades de la Argentina son la prueba doliente de lo que estamos viviendo. S\u00f3lo un perverso pedir\u00eda muertos para constatar estos hechos inocultables.<\/p>\n<p>Deseamos resaltar a su vez que frente a esta realidad, hay que redoblar los esfuerzos puestos en la solidaridad, la lucha conjunta y la coordinaci\u00f3n entre todos los espacios sociales, pol\u00edticos y sindicales que enfrentan a la derecha que gobierna nuestro pa\u00eds.<\/p>\n<p>FESTRAM<\/p>\n<h6>Fuente: P\u00e1gina 12<\/h6>\n","protected":false},"excerpt":{"rendered":"<p>Los vetos del Presidente Javier Milei al aumento de las Jubilaciones y dictar la Emergencia en Discapacidad es una nueva demostraci\u00f3n de cu\u00e1les son los sectores directamente perjudicados por sus pol\u00edticas.<\/p>\n","protected":false},"author":2,"featured_media":158555,"comment_status":"closed","ping_status":"closed","sticky":false,"template":"","format":"standard","meta":{"footnotes":""},"categories":[6],"tags":[21],"class_list":["post-158554","post","type-post","status-publish","format-standard","has-post-thumbnail","hentry","category-opiniones","tag-argentina"],"_links":{"self":[{"href":"http:\/\/argentinamunicipal.com.ar\/argentina\/wp-json\/wp\/v2\/posts\/158554","targetHints":{"allow":["GET"]}}],"collection":[{"href":"http:\/\/argentinamunicipal.com.ar\/argentina\/wp-json\/wp\/v2\/posts"}],"about":[{"href":"http:\/\/argentinamunicipal.com.ar\/argentina\/wp-json\/wp\/v2\/types\/post"}],"author":[{"embeddable":true,"href":"http:\/\/argentinamunicipal.com.ar\/argentina\/wp-json\/wp\/v2\/users\/2"}],"replies":[{"embeddable":true,"href":"http:\/\/argentinamunicipal.com.ar\/argentina\/wp-json\/wp\/v2\/comments?post=158554"}],"version-history":[{"count":0,"href":"http:\/\/argentinamunicipal.com.ar\/argentina\/wp-json\/wp\/v2\/posts\/158554\/revisions"}],"wp:featuredmedia":[{"embeddable":true,"href":"http:\/\/argentinamunicipal.com.ar\/argentina\/wp-json\/wp\/v2\/media\/158555"}],"wp:attachment":[{"href":"http:\/\/argentinamunicipal.com.ar\/argentina\/wp-json\/wp\/v2\/media?parent=158554"}],"wp:term":[{"taxonomy":"category","embeddable":true,"href":"http:\/\/argentinamunicipal.com.ar\/argentina\/wp-json\/wp\/v2\/categories?post=158554"},{"taxonomy":"post_tag","embeddable":true,"href":"http:\/\/argentinamunicipal.com.ar\/argentina\/wp-json\/wp\/v2\/tags?post=158554"}],"curies":[{"name":"wp","href":"https:\/\/api.w.org\/{rel}","templated":true}]}}