{"id":158593,"date":"2025-08-11T06:16:05","date_gmt":"2025-08-11T09:16:05","guid":{"rendered":"http:\/\/argentinamunicipal.com.ar\/argentina\/?p=158593"},"modified":"2025-08-11T06:16:05","modified_gmt":"2025-08-11T09:16:05","slug":"la-degradacion-del-lenguaje-en-el-habla-de-la-ultraderecha","status":"publish","type":"post","link":"http:\/\/argentinamunicipal.com.ar\/argentina\/la-degradacion-del-lenguaje-en-el-habla-de-la-ultraderecha\/","title":{"rendered":"La degradaci\u00f3n del lenguaje en el habla de la ultraderecha\u00a0"},"content":{"rendered":"<p>Hay insulto ah\u00ed donde la palabra pierde su autoridad y su eficacia, su funci\u00f3n pacificadora. El insulto m\u00e1s bien constituye un cortocircuito del lenguaje y se ubica al mismo nivel del pu\u00f1etazo, no remite a otros significantes, dice el autor.<\/p>\n<p>Pareciera que algunos funcionarios nacionales, de cuyos nombres no quiero acordarme, prosiguieran perdiendo d\u00eda a d\u00eda en sus alocuciones la condici\u00f3n metaf\u00f3rica del lenguaje, la pertenencia del lenguaje al orden simb\u00f3lico.<\/p>\n<p>Si algunos ciudadanos opinan que \u00abno llegan a fin de mes\u00bb, ellos no est\u00e1n diciendo que morir\u00e1n antes de esa fecha, sino que no les alcanza el sueldo para cubrir los gastos mensuales: los servicios p\u00fablicos, el alquiler de la vivienda, los medicamentos, los alimentos, etc.<\/p>\n<p>Decir que, \u201csi fuera cierto que esos ciudadanos no llegan a fin de mes, las calles de la ciudad estar\u00edan sembradas de cad\u00e1veres\u00bb, constituye, adem\u00e1s de una imagen de p\u00e9simo gusto, una dificultad para realizar la sustituci\u00f3n metaf\u00f3rica propia del lenguaje y el orden simb\u00f3lico, tal como suele suceder en el habla de la psicosis.<\/p>\n<p>Si un amigo \u00abnormal\u00bb nos dice, por ejemplo, \u00abSi no ven\u00eds esta noche a cenar a casa, te mato\u00bb, no tenemos de qu\u00e9 temer, por supuesto, ya que est\u00e1 empleando la sustituci\u00f3n y diciendo muy otra cosa de lo literalmente enunciado. Pero si un psic\u00f3tico (no digo que los funcionarios en cuesti\u00f3n lo sean), nos dice, por ejemplo: \u00absi no vas a cenar a casa te mato\u00bb, hay que ponerse en alerta, dado que podr\u00eda hacerlo al fallar la dimensi\u00f3n de met\u00e1fora y poner con frecuencia al lenguaje a nivel de la cosa, es decir, de un objeto m\u00e1s como cualquier otro (en el cual \u00e9l mismo como sujeto no est\u00e1 representado).<\/p>\n<p>Otro tema es la proliferaci\u00f3n del insulto como m\u00e9todo que va en la misma direcci\u00f3n de la p\u00e9rdida anteriormente se\u00f1alada.\u00a0Hay insulto ah\u00ed donde la palabra pierde su autoridad y su eficacia, su funci\u00f3n pacificadora. El insulto no se articula en la cadena significante sino m\u00e1s bien constituye un cortocircuito del lenguaje y se ubica al mismo nivel del pu\u00f1etazo, o sea, no remite a otros significantes. No hay all\u00ed posibilidad de debate ni dial\u00e9ctica.<\/p>\n<p>Es que la actual declinaci\u00f3n del orden simb\u00f3lico, la progresiva ca\u00edda de la ley simb\u00f3lica, el deterioro de las instituciones, la degradaci\u00f3n de la lengua, confinan paulatinamente a los sujetos en la primac\u00eda de lo imaginario, en la relaci\u00f3n paranoide con el semejante, en la agresi\u00f3n, en la construcci\u00f3n del otro como enemigo. Ese es el actual plan de los due\u00f1os del planeta para una dominaci\u00f3n absoluta en el orden humano. De ah\u00ed la destrucci\u00f3n de la cultura, los embates a la educaci\u00f3n p\u00fablica, el desfinanciamiento de las universidades, el crecimiento de la marginalidad. En s\u00edntesis, el da\u00f1o en lo simb\u00f3lico puede ser inclusive mucho mayor que el da\u00f1o econ\u00f3mico.<\/p>\n<p>Pero si bien, para el proyecto de\u00a0apropiaci\u00f3n planetaria por parte de la ultraderecha\u00a0y de las mafias financieras especulativas globales, son actualmente \u00fatiles y necesarios los sujetos locos, inestables, desabrochados, estrafalarios, etc., en funciones p\u00fablicas, individuos que interpreten la locura de la \u00e9poca y faciliten las identificaciones de una parte importante de los votantes, no por ello permitir\u00edan, al menos por ahora, que esos personajes vayan m\u00e1s all\u00e1 de la locura generalizada de este tiempo y se escapen de las manos, produzcan una fuga de los votos de sus propios adherentes, etc.<\/p>\n<p>En ese caso lo previsible es que, dentro de las mismas filas de la ultraderecha, se produzcan desplazamientos, reemplazos a trav\u00e9s de maniobras o golpes institucionales encubiertos.<\/p>\n<p>Por\u00a0Antonio Ram\u00f3n Guti\u00e9rrez*<\/p>\n<p>*Escritor y psicoanalista<\/p>\n<h6>Fuente: P\u00e1gina 12<\/h6>\n","protected":false},"excerpt":{"rendered":"<p>Hay insulto ah\u00ed donde la palabra pierde su autoridad y su eficacia, su funci\u00f3n pacificadora. El insulto m\u00e1s bien constituye un cortocircuito del lenguaje y se ubica al mismo nivel del pu\u00f1etazo, no remite a otros significantes, dice el autor.<\/p>\n","protected":false},"author":2,"featured_media":158594,"comment_status":"closed","ping_status":"closed","sticky":false,"template":"","format":"standard","meta":{"footnotes":""},"categories":[6],"tags":[21],"class_list":["post-158593","post","type-post","status-publish","format-standard","has-post-thumbnail","hentry","category-opiniones","tag-argentina"],"_links":{"self":[{"href":"http:\/\/argentinamunicipal.com.ar\/argentina\/wp-json\/wp\/v2\/posts\/158593","targetHints":{"allow":["GET"]}}],"collection":[{"href":"http:\/\/argentinamunicipal.com.ar\/argentina\/wp-json\/wp\/v2\/posts"}],"about":[{"href":"http:\/\/argentinamunicipal.com.ar\/argentina\/wp-json\/wp\/v2\/types\/post"}],"author":[{"embeddable":true,"href":"http:\/\/argentinamunicipal.com.ar\/argentina\/wp-json\/wp\/v2\/users\/2"}],"replies":[{"embeddable":true,"href":"http:\/\/argentinamunicipal.com.ar\/argentina\/wp-json\/wp\/v2\/comments?post=158593"}],"version-history":[{"count":0,"href":"http:\/\/argentinamunicipal.com.ar\/argentina\/wp-json\/wp\/v2\/posts\/158593\/revisions"}],"wp:featuredmedia":[{"embeddable":true,"href":"http:\/\/argentinamunicipal.com.ar\/argentina\/wp-json\/wp\/v2\/media\/158594"}],"wp:attachment":[{"href":"http:\/\/argentinamunicipal.com.ar\/argentina\/wp-json\/wp\/v2\/media?parent=158593"}],"wp:term":[{"taxonomy":"category","embeddable":true,"href":"http:\/\/argentinamunicipal.com.ar\/argentina\/wp-json\/wp\/v2\/categories?post=158593"},{"taxonomy":"post_tag","embeddable":true,"href":"http:\/\/argentinamunicipal.com.ar\/argentina\/wp-json\/wp\/v2\/tags?post=158593"}],"curies":[{"name":"wp","href":"https:\/\/api.w.org\/{rel}","templated":true}]}}