{"id":158632,"date":"2025-08-12T05:30:01","date_gmt":"2025-08-12T08:30:01","guid":{"rendered":"http:\/\/argentinamunicipal.com.ar\/argentina\/?p=158632"},"modified":"2025-08-11T19:47:55","modified_gmt":"2025-08-11T22:47:55","slug":"tapebicua-maderera-de-corrientes-frena-su-actividad-y-suspende-a-520-empleado","status":"publish","type":"post","link":"http:\/\/argentinamunicipal.com.ar\/argentina\/tapebicua-maderera-de-corrientes-frena-su-actividad-y-suspende-a-520-empleado\/","title":{"rendered":"Tapebicu\u00e1, maderera de Corrientes, frena su actividad y suspende a 520 empleado"},"content":{"rendered":"<p>La firma detuvo la producci\u00f3n por un mes en su planta de Gobernador Virasoro.<\/p>\n<p>La\u00a0Forestadora Tapebicu\u00e1, una de las principales madereras del norte argentino,\u00a0paraliz\u00f3 por 30 d\u00edas\u00a0su planta de Gobernador Virasoro, Corrientes, y suspendi\u00f3 a\u00a0520 trabajadores. La empresa, controlada por el grupo\u00a0Celulosa Argentina, atribuy\u00f3 la medida a\u00a0\u201cproblemas de liquidez\u201d\u00a0y a la fuerte ca\u00edda de ventas.<\/p>\n<p>Fuentes gremiales informaron que la suspensi\u00f3n abarca todas las l\u00edneas de aserrado y procesamiento, y repercute en\u00a0proveedores, contratistas y transportistas, afectando a un n\u00famero indeterminado de empleos indirectos. El Sindicato de Trabajadores de la Madera (STM) denunci\u00f3 que\u00a0no se abonaron los sueldos de julio, agosto ni el medio aguinaldo\u00a0y present\u00f3 una demanda judicial por\u00a0$ 170 millones, que deriv\u00f3 en el embargo de una cuenta.<\/p>\n<p>Antes de oficializar el parate, Tapebicu\u00e1 inici\u00f3 un\u00a0Proceso Preventivo de Crisis (PPC)\u00a0ante la Secretar\u00eda de Trabajo provincial. En 2023, ya hab\u00eda cerrado su planta de San Charbel, en Garruchos, con\u00a070 despidos.<\/p>\n<p>Los gremios temen que tras el mes de inactividad lleguen\u00a0tres meses de suspensiones\u00a0para el 50% del personal, con el pago de solo el 20% de los salarios. La compa\u00f1\u00eda explic\u00f3 que su situaci\u00f3n se agrav\u00f3 por la\u00a0recesi\u00f3n industrial, la\u00a0contracci\u00f3n del consumo interno, la\u00a0apertura de importaciones\u00a0y un\u00a0tipo de cambio que afecta la competitividad exportadora.<\/p>\n<p>Tapebicu\u00e1 integra el grupo de los diez aserraderos m\u00e1s importantes del pa\u00eds, y su crisis genera preocupaci\u00f3n en el\u00a0sector forestoindustrial\u00a0por el impacto laboral y econ\u00f3mico que puede extenderse a toda la regi\u00f3n.<\/p>\n<h6>Fuente: hoydia.com.ar<\/h6>\n","protected":false},"excerpt":{"rendered":"<p>La firma detuvo la producci\u00f3n por un mes en su planta de Gobernador Virasoro.<\/p>\n","protected":false},"author":2,"featured_media":158633,"comment_status":"closed","ping_status":"closed","sticky":false,"template":"","format":"standard","meta":{"footnotes":""},"categories":[2],"tags":[13],"class_list":["post-158632","post","type-post","status-publish","format-standard","has-post-thumbnail","hentry","category-informe-municipal","tag-corrientes"],"_links":{"self":[{"href":"http:\/\/argentinamunicipal.com.ar\/argentina\/wp-json\/wp\/v2\/posts\/158632","targetHints":{"allow":["GET"]}}],"collection":[{"href":"http:\/\/argentinamunicipal.com.ar\/argentina\/wp-json\/wp\/v2\/posts"}],"about":[{"href":"http:\/\/argentinamunicipal.com.ar\/argentina\/wp-json\/wp\/v2\/types\/post"}],"author":[{"embeddable":true,"href":"http:\/\/argentinamunicipal.com.ar\/argentina\/wp-json\/wp\/v2\/users\/2"}],"replies":[{"embeddable":true,"href":"http:\/\/argentinamunicipal.com.ar\/argentina\/wp-json\/wp\/v2\/comments?post=158632"}],"version-history":[{"count":0,"href":"http:\/\/argentinamunicipal.com.ar\/argentina\/wp-json\/wp\/v2\/posts\/158632\/revisions"}],"wp:featuredmedia":[{"embeddable":true,"href":"http:\/\/argentinamunicipal.com.ar\/argentina\/wp-json\/wp\/v2\/media\/158633"}],"wp:attachment":[{"href":"http:\/\/argentinamunicipal.com.ar\/argentina\/wp-json\/wp\/v2\/media?parent=158632"}],"wp:term":[{"taxonomy":"category","embeddable":true,"href":"http:\/\/argentinamunicipal.com.ar\/argentina\/wp-json\/wp\/v2\/categories?post=158632"},{"taxonomy":"post_tag","embeddable":true,"href":"http:\/\/argentinamunicipal.com.ar\/argentina\/wp-json\/wp\/v2\/tags?post=158632"}],"curies":[{"name":"wp","href":"https:\/\/api.w.org\/{rel}","templated":true}]}}