{"id":158693,"date":"2025-08-18T05:26:35","date_gmt":"2025-08-18T08:26:35","guid":{"rendered":"http:\/\/argentinamunicipal.com.ar\/argentina\/?p=158693"},"modified":"2025-08-13T06:29:32","modified_gmt":"2025-08-13T09:29:32","slug":"como-se-impulsa-el-fortalecimiento-del-cooperativismo-en-mendoza","status":"publish","type":"post","link":"http:\/\/argentinamunicipal.com.ar\/argentina\/como-se-impulsa-el-fortalecimiento-del-cooperativismo-en-mendoza\/","title":{"rendered":"C\u00f3mo se impulsa el fortalecimiento del cooperativismo en Mendoza"},"content":{"rendered":"<p>En una jornada de encuentro y reflexi\u00f3n, se analizaron las virtudes de las cooperativas y las oportunidades que presentan en el contexto actual.<\/p>\n<p>Se desarroll\u00f3 un encuentro de cooperativismo, Mendoza Coopera 2025, para resaltar el valor de las cooperativas en el desarrollo y el empleo<\/p>\n<p>La celebraci\u00f3n del\u00a0D\u00eda Internacional del Cooperativismo\u00a0fue el puntapi\u00e9 para organizar\u00a0Mendoza Coopera 2025,\u00a0un encuentro de referentes del sector, autoridades provinciales y nacionales, y estudiantes, bajo el lema: \u201cLas cooperativas construyen un futuro mejor\u201d.<\/p>\n<p>La jornada fue organizada por la\u00a0Direcci\u00f3n de Emprendedores y Cooperativas, del Ministerio de Producci\u00f3n, e incluy\u00f3 paneles, talleres y stands de diversas cooperativas. En los distintos espacios se reflexion\u00f3 sobre el ADN cooperativo, las ventajas que ofrece el modelo -en particular para los peque\u00f1os productores e iniciativas- y el futuro de estas entidades.<\/p>\n<p>En la apertura del encuentro, la\u00a0directora de Emprendedores y Cooperativas, Andrea Nallim, se\u00f1al\u00f3 que la jornada fue pensada para poner en valor el rol del cooperativismo en Mendoza, entendiendo a las cooperativas como empresas que generan empleo, innovaci\u00f3n y desarrollo, con una fuerte orientaci\u00f3n al bienestar de las personas y las comunidades.<\/p>\n<p>\u201cEl cooperativismo mendocino est\u00e1 m\u00e1s vivo que nunca, con alrededor de 400 cooperativas activas, que d\u00eda a d\u00eda muestran su capacidad para adaptarse, crecer y aportar valor genuino a la comunidad\u201d, resalt\u00f3.<\/p>\n<p>Detall\u00f3 que, desde la Direcci\u00f3n, el compromiso ha sido acompa\u00f1ar el crecimiento del sector a trav\u00e9s de programas de financiamiento, capacitaci\u00f3n, visibilizaci\u00f3n y tambi\u00e9n mediante tareas de fiscalizaci\u00f3n, siempre con una mirada de fortalecimiento.<\/p>\n<p>El\u00a0ministro de Producci\u00f3n, Rodolfo Vargas Arizu, mencion\u00f3 que el contexto es desafiante, pero tambi\u00e9n ofrece oportunidades, y destac\u00f3 la necesidad de organizarse para crear empleo y desarrollo en las comunidades. Subray\u00f3 que, en medio de la crisis y las transformaciones globales, hay que encontrar nuevas formas de construir prosperidad y \u201clas cooperativas, lejos de ser una herramienta del pasado, pueden y deben ser protagonistas de nuestro futuro\u201d.<\/p>\n<p>Plante\u00f3 una nueva visi\u00f3n del cooperativismo, lejos de esa idea de lentitud y escasa innovaci\u00f3n, que impulse una \u201ccooperativa moderna, que innova y que es eficiente\u201d, sin renunciar a los valores de solidaridad, participaci\u00f3n y arraigo comunitario. Y que es una herramienta para que los peque\u00f1os y medianos productores puedan crecer y producir m\u00e1s, invirtiendo y agregando valor, organiz\u00e1ndose para lograr resultados que solos no podr\u00edan lograr.<\/p>\n<p>\u201cLas cooperativas, al producir y generar empleo, son agentes transformadores de la realidad de las personas\u201d, subray\u00f3. Y advirti\u00f3 que, \u201csin innovaci\u00f3n, no hay futuro para nuestras econom\u00edas regionales\u201d. El ministro a\u00f1adi\u00f3 que impulsan un Estado inteligente y comprometido con el desarrollo productivo, y por eso est\u00e1n trabajando en simplificarle la vida al sector privado, para que pueda enfocarse en generar riqueza.<\/p>\n<p>Por su parte, el\u00a0intendente de la Ciudad de Mendoza, Ulpiano Su\u00e1rez, anfitri\u00f3n porque el encuentro de realiz\u00f3 en la Nave Cultural, consider\u00f3 muy importante \u201chablar de cooperativas para construir un futuro mejor, hablar de un modelo cooperativo, hablar de que es posible generar riqueza y empleo con las personas en el centro, humanizando la agenda de desarrollo, en momentos en que esto est\u00e1 fuera de la agenda p\u00fablica\u201d.<\/p>\n<p><strong>El modelo cooperativo en la agenda p\u00fablica<\/strong><br \/>\nEl encuentro tuvo dos paneles en la ma\u00f1ana y otros dos en la tarde, y, en simult\u00e1neo, se realiz\u00f3 un taller de Buenas Pr\u00e1cticas Cooperativas. El primer panel gir\u00f3 en torno a Pol\u00edticas P\u00fablicas y participaron\u00a0el director del Instituto Nacional de Asociativismo y Econom\u00eda Social (Inaes), Marcelo Collomb; el gerente de Acovi (Asociaci\u00f3n de Cooperativas Vitivin\u00edcolas Argentinas), Nicol\u00e1s Vicchi; Andrea Nallim; y Rodolfo Vargas Arizu.<\/p>\n<p>Consultado por Soledad Gonz\u00e1lez, editora de la secci\u00f3n Econom\u00eda de Los Andes y moderadora,\u00a0Collomb\u00a0detall\u00f3 que el organismo se ha enfocado en el registro, la promoci\u00f3n y el control p\u00fablico; en este \u00faltimo caso, para evitar la desvirtuaci\u00f3n de la figura de las cooperativas. Esto, porque indic\u00f3 que deben nacer de la necesidad com\u00fan, por la libre decisi\u00f3n de asociarse y no por una obligatoriedad impuesta desde el Estado.<\/p>\n<p>Plante\u00f3 que han revitalizado la relaci\u00f3n con las provincias y est\u00e1n empezando a trabajar de manera conjunta para coordinar pol\u00edticas p\u00fablicas, y que apuntan a favorecer el desarrollo de estas entidades y, sobre todo, en desburocratizar e impulsar la innovaci\u00f3n y la generaci\u00f3n de proyectos que incorporen tecnolog\u00eda, apuntando al cooperativismo del futuro.<\/p>\n<p>Asimismo, resalt\u00f3 que desde el Gobierno nacional ven en el sector una gran oportunidad para el desarrollo y el crecimiento, en tanto haya capacitaci\u00f3n, innovaci\u00f3n, incorporaci\u00f3n de tecnolog\u00eda y participaci\u00f3n de los j\u00f3venes.<\/p>\n<p>El ministro Vargas Arizu resalt\u00f3 que el cooperativismo est\u00e1 muy arraigado en Mendoza y consider\u00f3 que, a medida que la macro se estabilice, el sector tiene caracter\u00edsticas que marcan una diferencia. La principal, que, en una sociedad an\u00f3nima, los accionistas no conocen profundamente el negocio, mientras en la cooperativa, todos los socios lo hacen y esto es muy enriquecedor. Pero resalt\u00f3 que tambi\u00e9n es fundamental que tengan buenos resultados.<\/p>\n<p>Indic\u00f3 que el sector cooperativo es fundamental, por la atomizaci\u00f3n productiva: en la agricultura mendocina, cada productor tiene 7,8 hect\u00e1reas en promedio. Y quien tiene 5 o 10 hect\u00e1reas puede sostenerse, pero no solo, porque el campo demanda tecnolog\u00eda e innovaci\u00f3n.<\/p>\n<p>Nallim, por su parte, mencion\u00f3 que tambi\u00e9n realizaron una tarea de control y relevamiento de las necesidades de las cooperativas de distintas ramas de actividad. Sum\u00f3 que no siempre necesitan financiamiento para crecer -inform\u00f3 que hay una l\u00ednea espec\u00edfica disponible en el Fondo para la Transformaci\u00f3n y el Crecimiento-, y que el acompa\u00f1amiento a veces implica la vinculaci\u00f3n con alg\u00fan otro organismo p\u00fablico o la academia, mentor\u00edas o capacitaciones en gesti\u00f3n.<\/p>\n<p>Explic\u00f3 que, m\u00e1s all\u00e1 de las cooperativas tradicionales, vinculadas a la vitivinicultura y el campo, tambi\u00e9n son muy importantes las de servicios p\u00fablicos -electricidad y agua- y las de vivienda, y que el a\u00f1o pasado se cre\u00f3 la primera cooperativa de econom\u00eda del conocimiento en Mendoza.<\/p>\n<p>Vicchi\u00a0enumer\u00f3 los temas que aborda Acovi, la entidad gremial empresaria vinculada a Fecovita (Federaci\u00f3n de Cooperativas Vitivin\u00edcolas Argentinas), enfocada en la comercializaci\u00f3n. Mencion\u00f3 la capacitaci\u00f3n, la formaci\u00f3n de j\u00f3venes dirigentes, la eficiencia h\u00eddrica -con una inversi\u00f3n de $400 millones en 2023 y 2024- , la planificaci\u00f3n sucesoria para favorecer el arraigo. Y resalt\u00f3 que no s\u00f3lo se\u00f1alan las problem\u00e1ticas, sino que buscan proponer soluciones.<\/p>\n<p>Plante\u00f3 que a veces se asocia el modelo cooperativo con experiencias fallidas, cuando \u201csobreabunda lo bueno\u201d. Por eso, invit\u00f3 a poner en valor el cooperativismo, que se involucra con su comunidad y el desarrollo, porque no especula y se va a otro lado cuando las cosas se complican.<\/p>\n<p><strong>Casos de \u00e9xito, j\u00f3venes y mujeres<\/strong><br \/>\nEl segundo de los paneles de la ma\u00f1ana analiz\u00f3 los sasos de \u00e9xito de empresas cooperativas. Participaron\u00a0el licenciado en Cooperativismo y Mutualismo, Eduardo Fontela; la gerente de la Cooperativa de Provisi\u00f3n de Servicios Vit\u00edcolas y Enol\u00f3gicos (SVE), Mariana Beretta; Jer\u00f3nimo Lagier, vicepresidente de la cooperativa de productores de yerba mate Pipor\u00e9; y Ana Laura Sayago, de la Cooperativa Ap\u00edcola Santiago del Estero, quien moder\u00f3 la charla.<\/p>\n<p>Lagier mencion\u00f3 la importancia de la cohesi\u00f3n y el compromiso, y que, cuando se toma una decisi\u00f3n por mayor\u00eda, aun los que no ten\u00edan esa idea, deben acompa\u00f1ar. Sum\u00f3 que se presentan muchos desaf\u00edos, pero con transparencia, honestidad y respeto se pueden sortear.<\/p>\n<p>En una l\u00ednea similar, Fontela se\u00f1al\u00f3 que las cooperativas, como m\u00e9todo empresarial, tienen el acuerdo en su esencia, lo que no significa que todos piensen lo mismo, sino que se debe acordar.<\/p>\n<p>Beretta explic\u00f3 que SVE es una empresa de servicios que naci\u00f3 de Fecovita y es la \u00fanica del sector vitivin\u00edcola que cosecha media hect\u00e1rea de vi\u00f1edos o pulveriza una hect\u00e1rea en General Alvear. Pero tambi\u00e9n destac\u00f3 que no s\u00f3lo prestan un servicio a los peque\u00f1os y medianos productores, sino que son rentables, lo que les permite crecer.<\/p>\n<p>Por la tarde se desarrollaron los otros dos paneles. Uno, de j\u00f3venes en el sector cooperativo, vinculado con la tecnolog\u00eda, la innovaci\u00f3n y la vitivinicultura; y otro de mujeres l\u00edderes en cooperativismo, con la experiencia del sector asegurador.<\/p>\n<h6>Fuente: Los Andes<\/h6>\n","protected":false},"excerpt":{"rendered":"<p>En una jornada de encuentro y reflexi\u00f3n, se analizaron las virtudes de las cooperativas y las oportunidades que presentan en el contexto actual.<\/p>\n","protected":false},"author":2,"featured_media":158694,"comment_status":"closed","ping_status":"closed","sticky":false,"template":"","format":"standard","meta":{"footnotes":""},"categories":[65],"tags":[31],"class_list":["post-158693","post","type-post","status-publish","format-standard","has-post-thumbnail","hentry","category-provincias","tag-mendoza"],"_links":{"self":[{"href":"http:\/\/argentinamunicipal.com.ar\/argentina\/wp-json\/wp\/v2\/posts\/158693","targetHints":{"allow":["GET"]}}],"collection":[{"href":"http:\/\/argentinamunicipal.com.ar\/argentina\/wp-json\/wp\/v2\/posts"}],"about":[{"href":"http:\/\/argentinamunicipal.com.ar\/argentina\/wp-json\/wp\/v2\/types\/post"}],"author":[{"embeddable":true,"href":"http:\/\/argentinamunicipal.com.ar\/argentina\/wp-json\/wp\/v2\/users\/2"}],"replies":[{"embeddable":true,"href":"http:\/\/argentinamunicipal.com.ar\/argentina\/wp-json\/wp\/v2\/comments?post=158693"}],"version-history":[{"count":0,"href":"http:\/\/argentinamunicipal.com.ar\/argentina\/wp-json\/wp\/v2\/posts\/158693\/revisions"}],"wp:featuredmedia":[{"embeddable":true,"href":"http:\/\/argentinamunicipal.com.ar\/argentina\/wp-json\/wp\/v2\/media\/158694"}],"wp:attachment":[{"href":"http:\/\/argentinamunicipal.com.ar\/argentina\/wp-json\/wp\/v2\/media?parent=158693"}],"wp:term":[{"taxonomy":"category","embeddable":true,"href":"http:\/\/argentinamunicipal.com.ar\/argentina\/wp-json\/wp\/v2\/categories?post=158693"},{"taxonomy":"post_tag","embeddable":true,"href":"http:\/\/argentinamunicipal.com.ar\/argentina\/wp-json\/wp\/v2\/tags?post=158693"}],"curies":[{"name":"wp","href":"https:\/\/api.w.org\/{rel}","templated":true}]}}