{"id":158737,"date":"2025-08-18T06:04:06","date_gmt":"2025-08-18T09:04:06","guid":{"rendered":"http:\/\/argentinamunicipal.com.ar\/argentina\/?p=158737"},"modified":"2025-08-18T06:04:06","modified_gmt":"2025-08-18T09:04:06","slug":"hay-plata","status":"publish","type":"post","link":"http:\/\/argentinamunicipal.com.ar\/argentina\/hay-plata\/","title":{"rendered":"Hay plata"},"content":{"rendered":"<p>El pasado mi\u00e9rcoles, en la reuni\u00f3n de la Comisi\u00f3n de Presupuesto y Hacienda en la C\u00e1mara de Diputados, una confluencia entre los bloques de Uni\u00f3n por la Patria, Democracia para Siempre, Encuentro Federal e Innovaci\u00f3n Federal consigui\u00f3 el dictamen de mayor\u00eda para el proyecto de ley que busca modificar el reparto de los Aportes del Tesoro Nacional (ATN). Tambi\u00e9n se avanz\u00f3, en un plenario de las comisiones de Presupuesto y Energ\u00eda y Combustibles, con el proyecto que dispone la eliminaci\u00f3n de diversos fideicomisos para distribuir sus recursos seg\u00fan los porcentajes de coparticipaci\u00f3n federal, adem\u00e1s de modificar el reparto del impuesto a los combustibles l\u00edquidos.<\/p>\n<p>El mismo d\u00eda, en la reuni\u00f3n conjunta de las comisiones de Ciencia, Tecnolog\u00eda e Innovaci\u00f3n Productiva y Presupuesto y Hacienda, dimos dictamen al proyecto de ley que propone declarar la Emergencia del Sistema Nacional de Ciencia, Tecnolog\u00eda e Innovaci\u00f3n. Adem\u00e1s, en un plenario de las comisiones de Acci\u00f3n Social y Salud P\u00fablica junto a Presupuesto y Hacienda, logramos dictamen para el proyecto de Ley de Promoci\u00f3n de la Salud Cerebral.<\/p>\n<p>M\u00e1s all\u00e1 del intento del oficialismo de bloquear el tratamiento de varias iniciativas en el Parlamento, desde la oposici\u00f3n, m\u00e1s amplia o m\u00e1s restringida seg\u00fan los proyectos tratados, continuamos llevando adelante nuestra agenda legislativa.<\/p>\n<p>En mi intervenci\u00f3n en la comisi\u00f3n de Presupuesto y Hacienda volv\u00ed a hacer referencia al principio b\u00e1sico que gu\u00eda toda la acci\u00f3n del actual gobierno: que el Presupuesto se construye a partir de los recursos disponibles y luego se determina en qu\u00e9 se los gasta.<\/p>\n<p>Nosotros pensamos lo opuesto: partimos del relevamiento de las necesidades y, a partir de ello, buscamos los recursos para resolverlas. Para lo cual es necesario un rol fuerte y extendido del Estado.<\/p>\n<p>El presidente Milei ha afirmado lo contrario: \u201cLo fundamental que tiene que hacer un Estado Nacional es asegurar la estabilidad macroecon\u00f3mica, las relaciones exteriores y el imperio de la ley. Punto. Cualquier otra cuesti\u00f3n puede resolverse a trav\u00e9s del mercado, o es competencia de los gobiernos subnacionales\u201d.<\/p>\n<p>La discusi\u00f3n de fondo es la de siempre: c\u00f3mo se acumula y c\u00f3mo se distribuye. Vamos a decirlo con la misma terminolog\u00eda que usa el Presidente: no es que \u201cno hay plata\u201d, el tema es a qui\u00e9n se le da y a qui\u00e9n se le quita. Plata hay, la cuesti\u00f3n es en qu\u00e9 se la emplea.<\/p>\n<p>El Gobierno se la niega a los jubilados, a las universidades, a las personas con discapacidad, a la Ciencia y la Tecnolog\u00eda, a las PyMEs, a la salud, a la educaci\u00f3n, para nombrar algunos de los casos m\u00e1s cercanos y sensibles, pero al mismo tiempo, entre otras decisiones, baja las retenciones sobre los productos agropecuarios y elimina las retenciones a la miner\u00eda, al fijar una al\u00edcuota del 0% para 200 productos, entre ellos el oro y el cobre.<\/p>\n<p>Todo el debate que venimos dando en cada una de las sesiones, en cada comisi\u00f3n, en cada plenario, en definitiva tiene que ver con c\u00f3mo se acumula y c\u00f3mo se distribuye la riqueza.<\/p>\n<p>Ve\u00e1moslo con algunos ejemplos concretos: la Oficina de Presupuesto del Congreso dice que el incremento excepcional de emergencia del 7,2% para las jubilaciones tendr\u00eda un impacto fiscal para la segunda parte del a\u00f1o del 0,41% del PBI. El bono de $ 110.000 agregar\u00eda un 0,38%. Sumando ambos conceptos, ese impacto alcanzar\u00eda al 0,79%. Es un n\u00famero muy similar a la ca\u00edda del ingreso de la Administraci\u00f3n P\u00fablica Nacional en lo que va del a\u00f1o: un 0,7% del PBI. Pero, \u00bfpor qu\u00e9 cayeron los ingresos? Porque, entre otras cosas, en diciembre se decidi\u00f3 que caduque el impuesto PAIS que gravaba la compra de bienes y servicios en el exterior con tarjetas de cr\u00e9dito y d\u00e9bito, as\u00ed como la compra de divisas para ahorro y algunas importaciones.<\/p>\n<p>Hay que ver las dos columnas, los dos lados del balance. El impuesto PAIS en el 2024 explic\u00f3 casi el 5% del total de lo recaudado. Sin embargo, el Gobierno eligi\u00f3 no prorrogarlo, es decir, renunci\u00f3 a ese 5%. Si el objetivo de la actual gesti\u00f3n es lograr un super\u00e1vit primario que supere el monto de los intereses a pagar (que adem\u00e1s son cada vez m\u00e1s grandes porque cada vez hay m\u00e1s deudas), en un contexto en el que bajan los ingresos porque se eliminan impuestos y se achica la actividad econ\u00f3mica, el tama\u00f1o del ajuste que se requiere implementar es cada vez m\u00e1s grande.<\/p>\n<p>Pero hay m\u00e1s: en el paquete fiscal el Gobierno redujo la al\u00edcuota de Bienes Personales, un impuesto progresivo que efectivamente recae sobre los que m\u00e1s tienen.<\/p>\n<p>En paralelo, aument\u00f3 el impuesto para la cuarta categor\u00eda en Ganancias. As\u00ed que no es que todo baja o que todo se rebaja. Baja Bienes Personales, pero aumenta la cuarta categor\u00eda de Impuesto a las Ganancias.<\/p>\n<p>Por otra parte, hay un estudio reciente que afirma que el 1% m\u00e1s rico de este pa\u00eds concentra el 25% del total de la riqueza. El 10% m\u00e1s rico acumula un 60% de la misma. Si tomamos el otro extremo, el 50% m\u00e1s pobre tiene el 4% del total de la riqueza. Es decir, en el medio queda un 40% de la poblaci\u00f3n que es lo que podr\u00edamos denominar las clases medias, que siguen teniendo el 36% de la riqueza. Es por lo que vienen. Porque a los de abajo, a este 50% que tiene el 4%, ya no le pueden sacar m\u00e1s.<\/p>\n<p>Cuando nos hablan del \u201cmodelo peruano\u201d nos est\u00e1n diciendo que vienen por ese 40% de la poblaci\u00f3n que a\u00fan tiene un poco m\u00e1s de un tercio de la riqueza que existe en nuestro pa\u00eds.<\/p>\n<p>Me viene a la memoria una ley de la que fui uno de los impulsores: el Aporte Solidario y Extraordinario para ayudar a morigerar los efectos de la pandemia. Quiero refrescar cuatro datos.<\/p>\n<p>\u00bfCu\u00e1ntas personas lo pagaron? 10.000 personas. Ninguna de ellas dej\u00f3 de ser rica por lo que abon\u00f3 por el Aporte Solidario. \u00bfCu\u00e1nto se recaud\u00f3? 2.600 millones de d\u00f3lares. \u00bfPara qu\u00e9 se usaron? 20% para equipamiento m\u00e9dico y vacunas, 20% para subsidio a las micro y peque\u00f1as empresas, 20% para las Becas Progresar, 15% para el Fondo de Integraci\u00f3n Socio Urbana, y 25% a programas de exploraci\u00f3n, desarrollo y producci\u00f3n de gas natural, que fue aplicado fundamentalmente al Gasoducto N\u00e9stor Kirchner, que hoy es una de las fuentes principales de divisas que nuestro pa\u00eds ha logrado concretar.<\/p>\n<p>No es cierto que no hay plata. Hay que buscarla donde est\u00e1 y hay que utilizarla para las cosas que hacen falta, para atender las necesidades de los m\u00e1s necesitados, y para desarrollar aquellos proyectos que a su vez son generadores de riqueza.<\/p>\n<p>Las pol\u00edticas que impulsa este gobierno perjudican claramente a los m\u00e1s d\u00e9biles y benefician a los m\u00e1s poderosos. Hay otro modelo: es el que promueve una serie de pol\u00edticas que benefician a las mayor\u00edas, entre ellas los sectores medios y los m\u00e1s vulnerables.<\/p>\n<p>Por\u00a0Carlos Heller<\/p>\n<p>* Diputado nacional Uni\u00f3n por la Patria y Presidente del Partido Solidario<\/p>\n<h6>Fuente: P\u00e1gina 12<\/h6>\n","protected":false},"excerpt":{"rendered":"<p>El pasado mi\u00e9rcoles, en la reuni\u00f3n de la Comisi\u00f3n de Presupuesto y Hacienda en la C\u00e1mara de Diputados, una confluencia entre los bloques de Uni\u00f3n por la Patria, Democracia para Siempre, Encuentro Federal e Innovaci\u00f3n Federal consigui\u00f3 el dictamen de mayor\u00eda para el proyecto de ley que busca modificar el reparto de los Aportes del Tesoro Nacional (ATN).<\/p>\n","protected":false},"author":2,"featured_media":158738,"comment_status":"closed","ping_status":"closed","sticky":false,"template":"","format":"standard","meta":{"footnotes":""},"categories":[6],"tags":[21],"class_list":["post-158737","post","type-post","status-publish","format-standard","has-post-thumbnail","hentry","category-opiniones","tag-argentina"],"_links":{"self":[{"href":"http:\/\/argentinamunicipal.com.ar\/argentina\/wp-json\/wp\/v2\/posts\/158737","targetHints":{"allow":["GET"]}}],"collection":[{"href":"http:\/\/argentinamunicipal.com.ar\/argentina\/wp-json\/wp\/v2\/posts"}],"about":[{"href":"http:\/\/argentinamunicipal.com.ar\/argentina\/wp-json\/wp\/v2\/types\/post"}],"author":[{"embeddable":true,"href":"http:\/\/argentinamunicipal.com.ar\/argentina\/wp-json\/wp\/v2\/users\/2"}],"replies":[{"embeddable":true,"href":"http:\/\/argentinamunicipal.com.ar\/argentina\/wp-json\/wp\/v2\/comments?post=158737"}],"version-history":[{"count":0,"href":"http:\/\/argentinamunicipal.com.ar\/argentina\/wp-json\/wp\/v2\/posts\/158737\/revisions"}],"wp:featuredmedia":[{"embeddable":true,"href":"http:\/\/argentinamunicipal.com.ar\/argentina\/wp-json\/wp\/v2\/media\/158738"}],"wp:attachment":[{"href":"http:\/\/argentinamunicipal.com.ar\/argentina\/wp-json\/wp\/v2\/media?parent=158737"}],"wp:term":[{"taxonomy":"category","embeddable":true,"href":"http:\/\/argentinamunicipal.com.ar\/argentina\/wp-json\/wp\/v2\/categories?post=158737"},{"taxonomy":"post_tag","embeddable":true,"href":"http:\/\/argentinamunicipal.com.ar\/argentina\/wp-json\/wp\/v2\/tags?post=158737"}],"curies":[{"name":"wp","href":"https:\/\/api.w.org\/{rel}","templated":true}]}}