{"id":158755,"date":"2025-08-18T06:29:17","date_gmt":"2025-08-18T09:29:17","guid":{"rendered":"http:\/\/argentinamunicipal.com.ar\/argentina\/?p=158755"},"modified":"2025-08-18T06:29:17","modified_gmt":"2025-08-18T09:29:17","slug":"llega-la-semana-del-clima-a-rosario-es-una-oportunidad-para-cambiar-la-matriz-productiva-y-generar-empleos-verdes","status":"publish","type":"post","link":"http:\/\/argentinamunicipal.com.ar\/argentina\/llega-la-semana-del-clima-a-rosario-es-una-oportunidad-para-cambiar-la-matriz-productiva-y-generar-empleos-verdes\/","title":{"rendered":"Llega la Semana del Clima a Rosario: \u00abEs una oportunidad para cambiar la matriz\u00a0productiva\u00a0y generar empleos verdes\u00bb"},"content":{"rendered":"<p>Diego Sueiras, presidente de la Fundaci\u00f3n Nueva Generaci\u00f3n Argentina (FGNA), destac\u00f3 la jornada donde productores y ambientalistas debatir\u00e1n la transici\u00f3n justa<\/p>\n<p>Rosario ser\u00e1 sede de un evento enmarcado en las Coferencias de las Naciones Unidas sobre el Cambio Clim\u00e1tico<br \/>\nRosario\u00a0se meti\u00f3 en la agenda clim\u00e1tica y a partir del pr\u00f3ximo martes ser\u00e1 una de las sedes de la\u00a0Semana del Clima, jornadas de networking que sirven como antesala de las Conferencias de las Naciones Unidas sobre el Cambio Clim\u00e1tico (COP), que tendr\u00e1 lugar en noviembre pr\u00f3ximo. \u00abLa ciudad se pone de pie contra el cambio clim\u00e1tico\u201d, asegur\u00f3 Diego Sueiras, presidente de la Fundaci\u00f3n Nueva Generaci\u00f3n Argentina (FGNA), que junto a la Municipalidad impulsan este evento.<\/p>\n<p>Ser\u00e1n cuatro intensos d\u00edas entre el martes 19 y el viernes 22 en la Estaci\u00f3n La Fluvial donde habr\u00e1 m\u00e1s de 220 panelistas de 14 pa\u00edses\u00a0en la Semana del Clima de Rosario con el objetivo de \u201cavanzar para\u00a0lograr el Acuerdo de Par\u00eds, a pesar de todos los movimientos y referentes negacionistas sobre todo por el presidente\u00a0Donald Trump o Vladimir Putin\u201d.<\/p>\n<p>\u201cA pesar de eso Rosario, la Intendencia y la Fundaci\u00f3n, nos decidimos a trabajar en esto. Hace 10 a\u00f1os vamos a la COP y las semanas del clima, la m\u00e1s importante es la NY junto con la Asamblea de las Naciones Unidas. Sin embargo,\u00a0all\u00ed no se habla de nuestra regi\u00f3n ni del campo, no digo s\u00f3lo la ciudad sino toda Sudam\u00e9rica\u201d, contempl\u00f3 Sueiras en LT8.<\/p>\n<p>Frente a este panorama, Sueiras remarc\u00f3 que en Rosario \u201cse sumar\u00e1 la gente del campo y la industria\u201d en una misma mesa, es decir, ambientalistas y los sectores productivos \u201cque quieren mejorar y van hacia una matriz verde\u201d y de inversiones verde. \u201cQueremos que dialoguen los que no dialogan. Sabemos que hay un antagonismo entre los que trabajan la tierra y los ambientalistas, pero son diferencias y dicotom\u00edas in\u00fatiles\u201d y destac\u00f3 las intenciones de ambas partes para reunirse porque \u201centendieron que el problema es hoy, y si bien no se puede cambiar de un d\u00eda para el otro, debe ser una transici\u00f3n justa\u201d.<\/p>\n<p>Luego de mencionar la crisis ambiental en zonas como los mares u oce\u00e1nos donde hay \u201cm\u00e1s pl\u00e1stico que peces\u201d o la destrucci\u00f3n de bosques \u201cpor el mismo tama\u00f1o que Inglaterra\u201d, Sueiras apunt\u00f3 que \u201cel cambio clim\u00e1tico es una oportunidad para cambiar la matriz productiva y generar empleos verdes\u201d.<\/p>\n<p><strong>La meta de sellar la \u00abDeclaraci\u00f3n de Rosario\u00bb<\/strong><br \/>\nDesde hace diez a\u00f1os, las\u00a0Conferencias de las Naciones Unidas sobre el\u00a0Cambio Clim\u00e1tico\u00a0(COP) organizadas por la ONU\u00a0se centran en debatir c\u00f3mo se llevar\u00e1n adelante las acciones tendientes a cumplir con los\u00a0objetivos del Acuerdo de Par\u00eds. Las actividades satelitales a la gran cita, que este a\u00f1o ser\u00e1 en noviembre en la ciudad brasile\u00f1a de Belem, intentan acercar inquietudes y propuestas por parte de la sociedad, los estados subnacionales y los municipios.<\/p>\n<p>A tres meses de la edici\u00f3n 30 de la COP,\u00a0Rosario ser\u00e1 anfitriona de la Semana del Clima\u00a0que viene de desarrollarse en Londres y que tendr\u00e1 como pr\u00f3ximo destino a Nueva York. Durante\u00a0cuatro d\u00edas, especialistas nacionales e internacionales, organizaciones no gubernamentales, empresas, intentedentes y funcionarios de distintas provincias debatir\u00e1n sobre tres ejes (financiamiento, transici\u00f3n justa y adaptaci\u00f3n) y contribuir\u00e1n a la\u00a0Declaraci\u00f3n de Rosario, un documento que buscar\u00e1 llevar los\u00a0compromisos\u00a0de todos esos sectores con la\u00a0urgencia\u00a0para desarrollar\u00a0acciones frente al cambio clim\u00e1tico.<\/p>\n<p>Eventos como la Semana del Clima sirven para que estos sectores, que no participan de las negociaciones clim\u00e1ticas llevadas adelante por los Estados naci\u00f3n durante las COP, puedan acercar sus inquietudes y compromisos, que si bien no son vinculantes, s\u00ed traccionan para los tomadores de decisiones. Ser\u00e1 el \u00fanico evento enmarcado en la cumbre clim\u00e1tica de la ONU que se desarrollar\u00e1 en Argentina durante este a\u00f1o.<\/p>\n<p><strong>Debate y declaraci\u00f3n<\/strong><br \/>\nLa Semana del Clima de Rosario contempla el tratamiento y debate, durante\u00a0tres d\u00edas\u00a0(del martes 19 al jueves 21 de agosto), de los\u00a0ejes planteados por la presidencia de la COP\u00a0de este a\u00f1o, a cargo de la ministra de Ambiente de Brasil, Marina Silva. Adem\u00e1s, el viernes 22 de agosto se desarrollar\u00e1 un\u00a0Encuentro de Intendentes y una Cumbre de J\u00f3venes en Acci\u00f3n Clim\u00e1tica.<\/p>\n<p>Uno de los objetivos m\u00e1s preponderantes de la Semana del Clima de Rosario ser\u00e1 la\u00a0Declaraci\u00f3n de Rosario, que ya fue enviada a los principales actores que participar\u00e1n del evento, seg\u00fan confirm\u00f3 a\u00a0La Capital\u00a0la subsecretaria de Cambio Clim\u00e1tico de Rosario, Pilar Bueno.<\/p>\n<p>El documento fue escrito y planteado desde el municipio para que quienes adhieran al mismo y participen de la Semana del Clima\u00a0se comprometan con el cambio clim\u00e1tico y su urgencia, adem\u00e1s de tomar acciones en l\u00ednea con los objetivos del Acuerdo de Par\u00eds.<\/p>\n<p>\u00abTanto intendentes de otras ciudades que vengan, como ONGs y empresas, van a tener la\u00a0oportunidad de demostrar la adhesi\u00f3n a la Declaraci\u00f3n de Rosario y sus compromisos\u00a0espec\u00edficos\u00bb, explic\u00f3 Bueno.<\/p>\n<p><strong>Inquietudes locales llevadas a la escala global<\/strong><br \/>\nEste evento, se\u00f1al\u00f3 Bueno, es clave para que provincias, ONGs, empresas y sociedad civil pueda integrarse a la COP \u00aba trav\u00e9s de estas l\u00edneas de acci\u00f3n para reunir los esfuerzos de estos actores, que\u00a0si bien no son vinculantes en t\u00e9rminos diplom\u00e1ticos, cuentan para lograr objetivos de largo plazo\u00a0del Acuerdo de Par\u00eds\u00bb.<\/p>\n<p>La\u00a0participaci\u00f3n de los municipios cumple un rol fundamental en las discusiones en las COPs. A pesar de que los debates son entre Estados naci\u00f3n, los mismos deben valerse de lo que pasa en las ciudades, que representan m\u00e1s del 70% de las emisiones a nivel global. A ello, Bueno sum\u00f3: \u00abSomos las\u00a0primeras en la l\u00ednea de fuego, por los mayores riesgos\u00a0y vulnerabilidades. Eso es clave a la hora de pensar soluciones\u00bb.<\/p>\n<p><strong>Qu\u00e9 es el Acuerdo de Par\u00eds<\/strong><br \/>\nEl\u00a0Acuerdo de Par\u00eds es un documento jur\u00eddicamente vinculante suscrito por casi 200 pa\u00edses durante la COP21\u00a0celebrada en la capital francesa. Los Estados firmantes se comprometieron, en 2015, a desarrollar\u00a0acciones para limitar el avance del calentamiento global.<\/p>\n<p>Uno de los objetivos m\u00e1s ambiciosos para alcanzar la meta, que en un inicio era frenar el aumento a 1,5\u00ba promedio en comparaci\u00f3n de los registros de la era preindustrial, es\u00a0disminuir los gases de efecto invernadero (GEI)\u00a0a trav\u00e9s de medidas de mitigaci\u00f3n, como el\u00a0reemplazo del uso de combustibles f\u00f3siles, que conllevan procesos de\u00a0transici\u00f3n\u00a0hacia otros tipos de fuentes de energ\u00eda. Esta transici\u00f3n, marcan los especialistas, debe ser lo m\u00e1s\u00a0justa\u00a0posible para todos los actores que intervienen.<\/p>\n<p>Adem\u00e1s, se acordaron montos y plazos de\u00a0financiamiento por parte de los pa\u00edses desarrollados, que son los mayores emisores de GEI, hacia los pa\u00edses subdesarrollados, Estados que sufren las peores consecuencias\u00a0de la crisis clim\u00e1tica.<\/p>\n<h6>Fuente: La Capital<\/h6>\n","protected":false},"excerpt":{"rendered":"<p>Diego Sueiras, presidente de la Fundaci\u00f3n Nueva Generaci\u00f3n Argentina (FGNA), destac\u00f3 la jornada donde productores y ambientalistas debatir\u00e1n la transici\u00f3n justa<\/p>\n","protected":false},"author":2,"featured_media":158756,"comment_status":"closed","ping_status":"closed","sticky":false,"template":"","format":"standard","meta":{"footnotes":""},"categories":[47],"tags":[10],"class_list":["post-158755","post","type-post","status-publish","format-standard","has-post-thumbnail","hentry","category-fiestas","tag-santa-fe"],"_links":{"self":[{"href":"http:\/\/argentinamunicipal.com.ar\/argentina\/wp-json\/wp\/v2\/posts\/158755","targetHints":{"allow":["GET"]}}],"collection":[{"href":"http:\/\/argentinamunicipal.com.ar\/argentina\/wp-json\/wp\/v2\/posts"}],"about":[{"href":"http:\/\/argentinamunicipal.com.ar\/argentina\/wp-json\/wp\/v2\/types\/post"}],"author":[{"embeddable":true,"href":"http:\/\/argentinamunicipal.com.ar\/argentina\/wp-json\/wp\/v2\/users\/2"}],"replies":[{"embeddable":true,"href":"http:\/\/argentinamunicipal.com.ar\/argentina\/wp-json\/wp\/v2\/comments?post=158755"}],"version-history":[{"count":0,"href":"http:\/\/argentinamunicipal.com.ar\/argentina\/wp-json\/wp\/v2\/posts\/158755\/revisions"}],"wp:featuredmedia":[{"embeddable":true,"href":"http:\/\/argentinamunicipal.com.ar\/argentina\/wp-json\/wp\/v2\/media\/158756"}],"wp:attachment":[{"href":"http:\/\/argentinamunicipal.com.ar\/argentina\/wp-json\/wp\/v2\/media?parent=158755"}],"wp:term":[{"taxonomy":"category","embeddable":true,"href":"http:\/\/argentinamunicipal.com.ar\/argentina\/wp-json\/wp\/v2\/categories?post=158755"},{"taxonomy":"post_tag","embeddable":true,"href":"http:\/\/argentinamunicipal.com.ar\/argentina\/wp-json\/wp\/v2\/tags?post=158755"}],"curies":[{"name":"wp","href":"https:\/\/api.w.org\/{rel}","templated":true}]}}