{"id":15878,"date":"2014-10-06T09:36:29","date_gmt":"2014-10-06T12:36:29","guid":{"rendered":"http:\/\/argentinamunicipal.com.ar\/argentina\/?p=15878"},"modified":"2014-10-06T09:36:29","modified_gmt":"2014-10-06T12:36:29","slug":"conformaran-el-consorcio-girsu-sunchales","status":"publish","type":"post","link":"http:\/\/argentinamunicipal.com.ar\/argentina\/conformaran-el-consorcio-girsu-sunchales\/","title":{"rendered":"Conformar\u00e1n el consorcio GIRSU-Sunchales"},"content":{"rendered":"<p><a href=\"http:\/\/argentinamunicipal.com.ar\/argentina\/wp-content\/uploads\/2014\/10\/edificio-municipal-de-sunchales.jpg\"><img loading=\"lazy\" decoding=\"async\" class=\"aligncenter  wp-image-15879\" src=\"http:\/\/argentinamunicipal.com.ar\/argentina\/wp-content\/uploads\/2014\/10\/edificio-municipal-de-sunchales.jpg\" alt=\"edificio-municipal-de-sunchales\" width=\"711\" height=\"533\" srcset=\"http:\/\/argentinamunicipal.com.ar\/argentina\/wp-content\/uploads\/2014\/10\/edificio-municipal-de-sunchales.jpg 2560w, http:\/\/argentinamunicipal.com.ar\/argentina\/wp-content\/uploads\/2014\/10\/edificio-municipal-de-sunchales-300x225.jpg 300w, http:\/\/argentinamunicipal.com.ar\/argentina\/wp-content\/uploads\/2014\/10\/edificio-municipal-de-sunchales-1024x768.jpg 1024w\" sizes=\"auto, (max-width: 711px) 100vw, 711px\" \/><\/a><\/p>\n<p>En el sal\u00f3n azul del edificio municipal, el pasado mi\u00e9rcoles 1 se llev\u00f3 a cabo una reuni\u00f3n del consorcio GIRSU &#8211; Sunchales, con la presencia del Subsecretario de Gesti\u00f3n Ambiental de la Provincia de Santa Fe, Edgardo Seguro.<\/p>\n<p>De la jornada tambi\u00e9n participaron el intendente municipal, Ezequiel Bolatti, el secretario de Obras y Servicios P\u00fablicos, Adri\u00e1n Sola, el subsecretario de Medio Ambiente y Desarrollo Sustentable, Ramiro Palomeque, los presidentes comunales de Ataliva, Eusebia, Colonia Aldao, Humberto Primo, Colonia Raquel y Tacural, como as\u00ed tambi\u00e9n los responsables t\u00e9cnicos de \u00e1reas medioambientales de las distintas localidades integrantes del consorcio.<\/p>\n<p>En el encuentro se firm\u00f3 el acta de intenci\u00f3n para la conformaci\u00f3n del consorcio y se planificaron acciones futuras de trabajo, dando as\u00ed cumplimiento a la Ley Provincial N\u00ba 13055 \u00abBasura Cero\u00bb.<\/p>\n<p>Seguro manifest\u00f3 la necesidad de crear esta asociaci\u00f3n, dado que \u00abpermitir\u00e1 optimizar recursos tanto materiales como humanos con el fin de resolver la problem\u00e1tica de los residuos que es un eje com\u00fan a todas las urbanizaciones\u00bb.<\/p>\n<h6>Fuente: La Opini\u00f3n Line<\/h6>\n","protected":false},"excerpt":{"rendered":"<p>En el sal\u00f3n azul del edificio municipal, el pasado mi\u00e9rcoles 1 se llev\u00f3 a cabo una reuni\u00f3n del consorcio GIRSU &#8211; Sunchales, con la presencia del Subsecretario de Gesti\u00f3n Ambiental de la Provincia de Santa Fe, Edgardo Seguro. De la jornada tambi\u00e9n participaron el intendente municipal, Ezequiel Bolatti, el secretario de Obras y Servicios P\u00fablicos,<\/p>\n","protected":false},"author":2,"featured_media":15879,"comment_status":"closed","ping_status":"closed","sticky":false,"template":"","format":"standard","meta":{"footnotes":""},"categories":[2],"tags":[10],"class_list":["post-15878","post","type-post","status-publish","format-standard","has-post-thumbnail","hentry","category-informe-municipal","tag-santa-fe"],"_links":{"self":[{"href":"http:\/\/argentinamunicipal.com.ar\/argentina\/wp-json\/wp\/v2\/posts\/15878","targetHints":{"allow":["GET"]}}],"collection":[{"href":"http:\/\/argentinamunicipal.com.ar\/argentina\/wp-json\/wp\/v2\/posts"}],"about":[{"href":"http:\/\/argentinamunicipal.com.ar\/argentina\/wp-json\/wp\/v2\/types\/post"}],"author":[{"embeddable":true,"href":"http:\/\/argentinamunicipal.com.ar\/argentina\/wp-json\/wp\/v2\/users\/2"}],"replies":[{"embeddable":true,"href":"http:\/\/argentinamunicipal.com.ar\/argentina\/wp-json\/wp\/v2\/comments?post=15878"}],"version-history":[{"count":0,"href":"http:\/\/argentinamunicipal.com.ar\/argentina\/wp-json\/wp\/v2\/posts\/15878\/revisions"}],"wp:featuredmedia":[{"embeddable":true,"href":"http:\/\/argentinamunicipal.com.ar\/argentina\/wp-json\/wp\/v2\/media\/15879"}],"wp:attachment":[{"href":"http:\/\/argentinamunicipal.com.ar\/argentina\/wp-json\/wp\/v2\/media?parent=15878"}],"wp:term":[{"taxonomy":"category","embeddable":true,"href":"http:\/\/argentinamunicipal.com.ar\/argentina\/wp-json\/wp\/v2\/categories?post=15878"},{"taxonomy":"post_tag","embeddable":true,"href":"http:\/\/argentinamunicipal.com.ar\/argentina\/wp-json\/wp\/v2\/tags?post=15878"}],"curies":[{"name":"wp","href":"https:\/\/api.w.org\/{rel}","templated":true}]}}