{"id":158850,"date":"2025-08-20T05:00:07","date_gmt":"2025-08-20T08:00:07","guid":{"rendered":"http:\/\/argentinamunicipal.com.ar\/argentina\/?p=158850"},"modified":"2025-08-19T19:24:49","modified_gmt":"2025-08-19T22:24:49","slug":"gobernador-virasoro-corrientes-persiste-el-acampe-de-los-trabajadores-de-forestadora-tapebicua-por-falta-de-acuerdo","status":"publish","type":"post","link":"http:\/\/argentinamunicipal.com.ar\/argentina\/gobernador-virasoro-corrientes-persiste-el-acampe-de-los-trabajadores-de-forestadora-tapebicua-por-falta-de-acuerdo\/","title":{"rendered":"Gobernador Virasoro, Corrientes: Persiste el acampe de los trabajadores de Forestadora Tapebicu\u00e1 por falta de acuerdo"},"content":{"rendered":"<p>La empresa hizo una oferta que los trabajadores rechazaron por considerarla insuficiente.<\/p>\n<p>Los trabajadores de la empresa Forestadora Tapebicu\u00e1, una de las principales madereras del litoral, rechazaron por \u00abinsultante\u00bb la propuesta de cobrar el 30 por ciento del salario y ratificaron la permanencia del acampe en la puerta de la firma ubicada en Gobernador Virasoro, Corrientes. Hace una semana, Tapebicu\u00e1 anunci\u00f3 el cese de tareas por 30 d\u00edas y la suspensi\u00f3n de 520 operarios por \u00abproblemas de liquidez\u00bb.<\/p>\n<p>El Gobierno liber\u00f3 la circulaci\u00f3n de camiones bitrenes en todo el pa\u00eds<\/p>\n<p>\u00abEl acampe se llevar\u00e1 a cabo por tiempo indeterminado. Es el \u00faltimo recurso que nos queda para defender nuestros puestos de trabajo, el pan de nuestras familias y nuestra dignidad\u00bb, sostuvieron los trabajadores en un comunicado difundido en redes sociales. Y describieron su parecer sobre la propuesta de la empresa: \u00abPretenden que les regalemos el 70 por ciento de nuestro trabajo\u00bb.<\/p>\n<p>Los trabajadores de la empresa forestal contrapusieron que el pedido a la empresa es que \u00ababran las cuentas\u00bb para poder dialogar sobre \u00abla supuesta crisis que argumentan\u00bb, pero la respuesta desde Tapebicu\u00e1 fue \u00abun &#8216;no&#8217; rotundo\u00bb.<\/p>\n<p>La suspensi\u00f3n de actividades abarca a\u00a0todas las l\u00edneas de aserrado y procesamiento de madera\u00a0y afecta tambi\u00e9n a proveedores, contratistas y transportistas de la firma. De esta manera, adem\u00e1s de los 520 operarios suspendidos, tambi\u00e9n est\u00e1n afectados los empleos de las empresas proveedoras.<\/p>\n<p>La provincia, gobernada por el radical Gustavo Vald\u00e9s, les ofreci\u00f3 a los trabajadores un subsidio de\u00a0250 mil pesos por dos meses\u00a0y una pr\u00f3rroga de vencimientos con deuda que pudieran tener con el Banco de Corrientes, algo que rechazaron.<\/p>\n<p>\u00abEl Mi\u00adnisterio de Industria, Tra\u00adbajo y Comercio de Co\u00adrrientes hasta la fecha no ha convocado a una au\u00addiencia de conciliaci\u00f3n de car\u00e1cter urgente, un paso fundamental para mediar en este conflicto y encon\u00adtrar una salida\u00bb, denunciaron.<\/p>\n<h6>Fuente: P\u00e1gina 12<\/h6>\n","protected":false},"excerpt":{"rendered":"<p>La empresa hizo una oferta que los trabajadores rechazaron por considerarla insuficiente.<\/p>\n","protected":false},"author":2,"featured_media":158851,"comment_status":"closed","ping_status":"closed","sticky":false,"template":"","format":"standard","meta":{"footnotes":""},"categories":[2],"tags":[13],"class_list":["post-158850","post","type-post","status-publish","format-standard","has-post-thumbnail","hentry","category-informe-municipal","tag-corrientes"],"_links":{"self":[{"href":"http:\/\/argentinamunicipal.com.ar\/argentina\/wp-json\/wp\/v2\/posts\/158850","targetHints":{"allow":["GET"]}}],"collection":[{"href":"http:\/\/argentinamunicipal.com.ar\/argentina\/wp-json\/wp\/v2\/posts"}],"about":[{"href":"http:\/\/argentinamunicipal.com.ar\/argentina\/wp-json\/wp\/v2\/types\/post"}],"author":[{"embeddable":true,"href":"http:\/\/argentinamunicipal.com.ar\/argentina\/wp-json\/wp\/v2\/users\/2"}],"replies":[{"embeddable":true,"href":"http:\/\/argentinamunicipal.com.ar\/argentina\/wp-json\/wp\/v2\/comments?post=158850"}],"version-history":[{"count":0,"href":"http:\/\/argentinamunicipal.com.ar\/argentina\/wp-json\/wp\/v2\/posts\/158850\/revisions"}],"wp:featuredmedia":[{"embeddable":true,"href":"http:\/\/argentinamunicipal.com.ar\/argentina\/wp-json\/wp\/v2\/media\/158851"}],"wp:attachment":[{"href":"http:\/\/argentinamunicipal.com.ar\/argentina\/wp-json\/wp\/v2\/media?parent=158850"}],"wp:term":[{"taxonomy":"category","embeddable":true,"href":"http:\/\/argentinamunicipal.com.ar\/argentina\/wp-json\/wp\/v2\/categories?post=158850"},{"taxonomy":"post_tag","embeddable":true,"href":"http:\/\/argentinamunicipal.com.ar\/argentina\/wp-json\/wp\/v2\/tags?post=158850"}],"curies":[{"name":"wp","href":"https:\/\/api.w.org\/{rel}","templated":true}]}}