{"id":158914,"date":"2025-08-21T05:45:50","date_gmt":"2025-08-21T08:45:50","guid":{"rendered":"http:\/\/argentinamunicipal.com.ar\/argentina\/?p=158914"},"modified":"2025-08-20T19:06:49","modified_gmt":"2025-08-20T22:06:49","slug":"se-viene-ibera-convida-el-fin-de-semana","status":"publish","type":"post","link":"http:\/\/argentinamunicipal.com.ar\/argentina\/se-viene-ibera-convida-el-fin-de-semana\/","title":{"rendered":"Se viene \u201cIber\u00e1 Convida\u201d, el fin de semana\u00a0"},"content":{"rendered":"<p>El Gobierno de Corrientes prepara una gran feria gastron\u00f3mica y de innovaci\u00f3n, a desarrollarse del 22 al 24 de agosto en el hist\u00f3rico edificio de la ex Unidad Penal. Este jueves 21, a las 10, en el Sal\u00f3n Verde de Casa de Gobierno, los representantes de los distintos organismos participantes brindar\u00e1n detalles del evento.<\/p>\n<p>Formar\u00e1n parte de \u201cIber\u00e1 Convida\u201d, cocineros de los distintos portales, artesanos, artistas con espect\u00e1culos de alto nivel y propuestas tecnol\u00f3gicas para el disfrute de las familias correntinas y de los turistas.<\/p>\n<p>Estar\u00e1n presentes las autoridades del Plan Iber\u00e1, Ministerio de Turismo, Instituto de Cultura, referentes de la Red de Cocineros del Iber\u00e1 y de La Unidad.<\/p>\n<h6>Fuente: culturacorrientes.com<\/h6>\n","protected":false},"excerpt":{"rendered":"<p>El Gobierno de Corrientes prepara una gran feria gastron\u00f3mica y de innovaci\u00f3n, a desarrollarse del 22 al 24 de agosto en el hist\u00f3rico edificio de la ex Unidad Penal.<\/p>\n","protected":false},"author":2,"featured_media":158916,"comment_status":"closed","ping_status":"closed","sticky":false,"template":"","format":"standard","meta":{"footnotes":""},"categories":[47],"tags":[13],"class_list":["post-158914","post","type-post","status-publish","format-standard","has-post-thumbnail","hentry","category-fiestas","tag-corrientes"],"_links":{"self":[{"href":"http:\/\/argentinamunicipal.com.ar\/argentina\/wp-json\/wp\/v2\/posts\/158914","targetHints":{"allow":["GET"]}}],"collection":[{"href":"http:\/\/argentinamunicipal.com.ar\/argentina\/wp-json\/wp\/v2\/posts"}],"about":[{"href":"http:\/\/argentinamunicipal.com.ar\/argentina\/wp-json\/wp\/v2\/types\/post"}],"author":[{"embeddable":true,"href":"http:\/\/argentinamunicipal.com.ar\/argentina\/wp-json\/wp\/v2\/users\/2"}],"replies":[{"embeddable":true,"href":"http:\/\/argentinamunicipal.com.ar\/argentina\/wp-json\/wp\/v2\/comments?post=158914"}],"version-history":[{"count":0,"href":"http:\/\/argentinamunicipal.com.ar\/argentina\/wp-json\/wp\/v2\/posts\/158914\/revisions"}],"wp:featuredmedia":[{"embeddable":true,"href":"http:\/\/argentinamunicipal.com.ar\/argentina\/wp-json\/wp\/v2\/media\/158916"}],"wp:attachment":[{"href":"http:\/\/argentinamunicipal.com.ar\/argentina\/wp-json\/wp\/v2\/media?parent=158914"}],"wp:term":[{"taxonomy":"category","embeddable":true,"href":"http:\/\/argentinamunicipal.com.ar\/argentina\/wp-json\/wp\/v2\/categories?post=158914"},{"taxonomy":"post_tag","embeddable":true,"href":"http:\/\/argentinamunicipal.com.ar\/argentina\/wp-json\/wp\/v2\/tags?post=158914"}],"curies":[{"name":"wp","href":"https:\/\/api.w.org\/{rel}","templated":true}]}}