{"id":15896,"date":"2014-10-06T10:08:10","date_gmt":"2014-10-06T13:08:10","guid":{"rendered":"http:\/\/argentinamunicipal.com.ar\/argentina\/?p=15896"},"modified":"2014-10-06T10:08:10","modified_gmt":"2014-10-06T13:08:10","slug":"dinamarca-invertiria-usd-50-millones-en-invap-para-instalar-un-parque-eolico","status":"publish","type":"post","link":"http:\/\/argentinamunicipal.com.ar\/argentina\/dinamarca-invertiria-usd-50-millones-en-invap-para-instalar-un-parque-eolico\/","title":{"rendered":"Dinamarca invertir\u00eda USD 50 millones en Invap para instalar un parque e\u00f3lico"},"content":{"rendered":"<p><a href=\"http:\/\/argentinamunicipal.com.ar\/argentina\/wp-content\/uploads\/2014\/10\/53c3b0755c34c77d150e2e980488d27d_L.jpg\"><img loading=\"lazy\" decoding=\"async\" class=\"aligncenter size-full wp-image-15897\" src=\"http:\/\/argentinamunicipal.com.ar\/argentina\/wp-content\/uploads\/2014\/10\/53c3b0755c34c77d150e2e980488d27d_L.jpg\" alt=\"53c3b0755c34c77d150e2e980488d27d_L\" width=\"800\" height=\"600\" srcset=\"http:\/\/argentinamunicipal.com.ar\/argentina\/wp-content\/uploads\/2014\/10\/53c3b0755c34c77d150e2e980488d27d_L.jpg 800w, http:\/\/argentinamunicipal.com.ar\/argentina\/wp-content\/uploads\/2014\/10\/53c3b0755c34c77d150e2e980488d27d_L-300x225.jpg 300w\" sizes=\"auto, (max-width: 800px) 100vw, 800px\" \/><\/a><br \/>\nLa compa\u00f1\u00eda est\u00e1 terminando de cerrar el financiamiento para construir una granja e\u00f3lica en Cerro Polic\u00eda, cerca de General Roca. Los primeros molinos estar\u00edan en operaci\u00f3n a fines de 2015.<\/p>\n<p>La firma de tecnolog\u00eda 100% estatal, se especializ\u00f3 en la fabricaci\u00f3n de reactores nucleares con fines medicinales y hoy es uno de los grandes players de ese negocio a nivel mundial. Tambi\u00e9n incursion\u00f3 en la construcci\u00f3n de sat\u00e9lites de telecomunicaciones y en pocos d\u00edas lanzar\u00e1 al espacio el Arsat-1, el primero dise\u00f1ado y fabricado por la Argentina.<\/p>\n<p>Su primera intenci\u00f3n, a principios de esta d\u00e9cada, fue construir aerogeneradores de alta potencia, de m\u00e1s de 1 megawatt (Mw), conocidos en la jerga como molino Clase 1. E incluso contemplaba fabricar un prototipo de m\u00e1s de 2 Mw (Clase 2).<\/p>\n<p>Para continuar con el desarrollo de este proyecto, Invap se asoci\u00f3 con Transcomahue, la empresa de transporte de R\u00edo Negro, para instalar un parque de entre 15 y 20 Mw de potencia en la provincia.<\/p>\n<p>La ubicaci\u00f3n elegida es una zona aleda\u00f1a a Cerro Polic\u00eda, una peque\u00f1a localidad ubicada a 140 kil\u00f3metros de General Roca. \u201cHemos detectado un lugar muy bueno en cuanto a las corrientes e\u00f3licas, a menos de 30 km de El Choc\u00f3n. Ah\u00ed vamos a empezar con la fabricaci\u00f3n de un parque chico que tendr\u00e1 entre 15 y 20 Mw de potencia\u201d, explic\u00f3 H\u00e9ctor Otheguy, Gerente General de Invap. \u201cEs una iniciativa que nos va a permitir ganar experiencia en la operaci\u00f3n de un parque e\u00f3lico\u201d, a\u00f1adi\u00f3 en di\u00e1logo con Revista Petroqu\u00edmica, Petr\u00f3leo, Gas, Qu\u00edmica &amp; Energ\u00eda.<\/p>\n<p>La compa\u00f1\u00eda est\u00e1 buscando opciones de financiamiento privado para viabilizar el proyecto. La alternativa m\u00e1s avanzada es apuntalar la obra con el respaldo de un organismo de promoci\u00f3n de Dinamarca, uno de los pa\u00edses l\u00edderes en cuanto a la inversi\u00f3n en energ\u00eda e\u00f3lica.<\/p>\n<p>\u201cYa hemos trabajado juntos hace 20 a\u00f1os en una planta de tratamiento de residuos industriales emplazada en Z\u00e1rate. Tenemos una buena relaci\u00f3n con ellos y estar\u00edan dispuestos a financiar parcialmente el emprendimiento\u201d, detall\u00f3 Otheguy.<\/p>\n<p>La inversi\u00f3n superar\u00e1 los USD 50 millones, porque adem\u00e1s de comprar y montar los aerogeneradores es necesario instalar una l\u00ednea de transmisi\u00f3n hasta el sistema troncal de transporte el\u00e9ctrico.<\/p>\n<p>\u201cLa idea es cerrar el paquete financiero antes de fin de a\u00f1o. Luego hay que encargar los equipos, por lo que la expectativa es contar con algunos de ellos en operaci\u00f3n hacia fines del a\u00f1o que viene\u201d, indic\u00f3 el Gerente General de Invap.<\/p>\n<p>La l\u00ednea de transporte ser\u00e1 de media tensi\u00f3n (132 kilowatts) y se conectar\u00e1 con los cuatro tendidos de alta tensi\u00f3n que atraviesa el complejo hidroel\u00e9ctrico del Comahue.<\/p>\n<p>\u201cEs clave tener opciones en materia de transporte el\u00e9ctrico, porque \u00e9se es uno de los problemas con los que deben lidiar los parques e\u00f3licos que se apunta a construir en la Patagonia\u201d, afirm\u00f3 Otheguy.<\/p>\n<p>El proyecto en Cerro Polic\u00eda prev\u00e9 el montaje de seis molinos e\u00f3licos de m\u00e1s de 2 Mw de potencia, que ser\u00e1n importados probablemente desde Europa. Se apunta tambi\u00e9n a instalar equipos cuyo rendimiento energ\u00e9tico est\u00e9 garantizado. \u201cEs un tema importante, porque para repagar la inversi\u00f3n es clave que los molinos produzcan la electricidad que prometen\u201d, se\u00f1al\u00f3 el directivo.<\/p>\n<p>La intenci\u00f3n de Invap es incluir la iniciativa bajo la \u00f3rbita de la Resoluci\u00f3n 220 de la Secretar\u00eda de Energ\u00eda, que permite precios diferenciales para la energ\u00eda generada con fuentes alternativas.<\/p>\n<h6>Fuente: El Cordillerano<\/h6>\n","protected":false},"excerpt":{"rendered":"<p>La compa\u00f1\u00eda est\u00e1 terminando de cerrar el financiamiento para construir una granja e\u00f3lica en Cerro Polic\u00eda, cerca de General Roca. Los primeros molinos estar\u00edan en operaci\u00f3n a fines de 2015. La firma de tecnolog\u00eda 100% estatal, se especializ\u00f3 en la fabricaci\u00f3n de reactores nucleares con fines medicinales y hoy es uno de los grandes players<\/p>\n","protected":false},"author":2,"featured_media":15897,"comment_status":"closed","ping_status":"closed","sticky":false,"template":"","format":"standard","meta":{"footnotes":""},"categories":[2],"tags":[11],"class_list":["post-15896","post","type-post","status-publish","format-standard","has-post-thumbnail","hentry","category-informe-municipal","tag-rio-negro"],"_links":{"self":[{"href":"http:\/\/argentinamunicipal.com.ar\/argentina\/wp-json\/wp\/v2\/posts\/15896","targetHints":{"allow":["GET"]}}],"collection":[{"href":"http:\/\/argentinamunicipal.com.ar\/argentina\/wp-json\/wp\/v2\/posts"}],"about":[{"href":"http:\/\/argentinamunicipal.com.ar\/argentina\/wp-json\/wp\/v2\/types\/post"}],"author":[{"embeddable":true,"href":"http:\/\/argentinamunicipal.com.ar\/argentina\/wp-json\/wp\/v2\/users\/2"}],"replies":[{"embeddable":true,"href":"http:\/\/argentinamunicipal.com.ar\/argentina\/wp-json\/wp\/v2\/comments?post=15896"}],"version-history":[{"count":0,"href":"http:\/\/argentinamunicipal.com.ar\/argentina\/wp-json\/wp\/v2\/posts\/15896\/revisions"}],"wp:featuredmedia":[{"embeddable":true,"href":"http:\/\/argentinamunicipal.com.ar\/argentina\/wp-json\/wp\/v2\/media\/15897"}],"wp:attachment":[{"href":"http:\/\/argentinamunicipal.com.ar\/argentina\/wp-json\/wp\/v2\/media?parent=15896"}],"wp:term":[{"taxonomy":"category","embeddable":true,"href":"http:\/\/argentinamunicipal.com.ar\/argentina\/wp-json\/wp\/v2\/categories?post=15896"},{"taxonomy":"post_tag","embeddable":true,"href":"http:\/\/argentinamunicipal.com.ar\/argentina\/wp-json\/wp\/v2\/tags?post=15896"}],"curies":[{"name":"wp","href":"https:\/\/api.w.org\/{rel}","templated":true}]}}