{"id":158962,"date":"2025-09-01T06:07:57","date_gmt":"2025-09-01T09:07:57","guid":{"rendered":"http:\/\/argentinamunicipal.com.ar\/argentina\/?p=158962"},"modified":"2025-09-01T06:07:57","modified_gmt":"2025-09-01T09:07:57","slug":"juan-pablo-valdes-se-impuso-en-corrientes-y-no-habra-balotaje-el-pj-segundo-y-lla-cuarto","status":"publish","type":"post","link":"http:\/\/argentinamunicipal.com.ar\/argentina\/juan-pablo-valdes-se-impuso-en-corrientes-y-no-habra-balotaje-el-pj-segundo-y-lla-cuarto\/","title":{"rendered":"Juan Pablo Vald\u00e9s se impuso en Corrientes y no habr\u00e1 balotaje; el PJ segundo y LLA cuarto"},"content":{"rendered":"<p>La segunda vuelta era el objetivo del peronismo para disputarle la gobernaci\u00f3n al frente radical.<\/p>\n<p>El candidato oficialista\u00a0Juan Pablo Vald\u00e9s\u00a0se impuso este domingo con el\u00a052,61 por ciento\u00a0de los votos en las\u00a0elecciones para gobernador de Corrientes, seguido por el peronista\u00a0Mart\u00edn \u2018Tincho\u2019 Asc\u00faa, que reuni\u00f3 el 20,1, y el ex mandatario Ricardo Colombi, con el 17,27, escrutadas el 11,22 por ciento de las mesas.<\/p>\n<p>La Libertad Avanza (LLA), con el diputado\u00a0Lisandro Almir\u00f3n\u00a0como candidato, se ubic\u00f3 en el cuarto lugar con el 8,2 por ciento, seg\u00fan el escrutinio provisorio, aunque\u00a0la p\u00e1gina que consignaba los resultados oficiales qued\u00f3 desactivada de manera permanente.<\/p>\n<p>De todos modos, qued\u00f3 descartada la posibilidad de que hubiera segunda vuelta, que era el objetivo del peronismo para disputarle al frente radical la gobernaci\u00f3n de la provincia.<\/p>\n<p>Juan Pablo Vald\u00e9s destac\u00f3 que el electorado\u00a0\u201cha decidido que tiene un nuevo gobernador en primera vuelta\u201d y llam\u00f3 a \u201ctrabajar juntos para el futuro\u201d.<\/p>\n<p>Por su parte, el mandatario saliente y senador provincial electo Gustavo Vald\u00e9s pidi\u00f3 \u201ctrabajar en el di\u00e1logo\u201d y destac\u00f3 el trabajo del espacio Provincias Unidas por sostener el \u201cfederalismo\u201d.<\/p>\n<p>Al hablar en el b\u00fanker del frente oficialista, el mandatario se\u00f1al\u00f3 que \u201cfue de las campa\u00f1as m\u00e1s sucias que se tenga memoria en los \u00faltimos tiempos, pero los correntinos sabemos que no nos doblamos a guachazos y ac\u00e1 estamos parados nuevamente\u201d.<\/p>\n<p>Al b\u00fanker asistieron gobernadores aliados como\u00a0Alfredo Cornejo (Mendoza) y Carlos Sadir (Jujuy), entre otros dirigentes locales como el vicegobernador\u00a0Pedro Braillard Poccard, que integr\u00f3 la f\u00f3rmula junto a Juan Pablo Vald\u00e9s.<\/p>\n<p>\u201cCorrientes demuestra que el camino es por el centro. Chau a los extremos\u201d, destac\u00f3, desde sus redes sociales, el espacio de Provincias Unidas al que pertenece, el gobernador saliente Gustavo Vald\u00e9s.<\/p>\n<p>Los hermandos Vald\u00e9s fueron felicitados por los gobernadores que integran ese espacio, que destacaron el \u201cmodelo de gesti\u00f3n exitoso\u201d y la defensa del \u201cinterior del pa\u00eds\u201d.<\/p>\n<p>\u201cLos correntinos ratificaron un modelo de gesti\u00f3n exitoso que impulsa el desarrollo y se sustenta en los valores de la transparencia y la austeridad. Desde Chubut celebramos este respaldo y renovamos nuestro compromiso de seguir trabajando juntos por una Argentina m\u00e1s justa, hermanada y verdaderamente federal\u201d, destac\u00f3 el mandatario de Chubut, Ignacio Torres.<\/p>\n<p>\u201cHay un grito federal que se escucha cada vez m\u00e1s fuerte. Te deseo una gran gesti\u00f3n para seguir construyendo una Corrientes que refleje la fuerza del interior productivo. Felicito tambi\u00e9n a todos los correntinos que este domingo, con responsabilidad y compromiso c\u00edvico, acudieron a votar, fortaleciendo as\u00ed la democracia argentina\u201d, expres\u00f3 el gobernador de C\u00f3rdoba,\u00a0Mart\u00edn Llaryora.<\/p>\n<p>Por su parte, el gobernador juje\u00f1o Carlos Sadir se\u00f1al\u00f3 que el triunfo ratifica que \u201cla voluntad de los argentinos es ser representados por quienes conocen y defienden al interior del pa\u00eds, el interior del trabajo y la producci\u00f3n, con el objetivo de generar m\u00e1s oportunidades para nuestra gente\u201d.<\/p>\n<p>\u201cFelicitaciones a todos los correntinos que se acercaron a las urnas y participaron de la jornada democr\u00e1tica. Y felicitaciones por el triunfo que refleja una gesti\u00f3n que estuvo al lado de la gente\u201d, expres\u00f3, por su parte, el presidente de la UCR,\u00a0Mart\u00edn Lousteau.<\/p>\n<p>Tambi\u00e9n se manifest\u00f3 el PRO, que destac\u00f3 que \u201clos correntinos ratificaron en las urnas el camino de desarrollo, modernizaci\u00f3n y transformaci\u00f3n que inici\u00f3 Gustavo Vald\u00e9s y que hoy tiene proyecci\u00f3n de futuro con una gesti\u00f3n que sigue mirando hacia adelante\u201d.<\/p>\n<p>\u201cCorrientes demuestra que con trabajo, convicci\u00f3n y equipo se puede construir una provincia que crece, se integra y lidera\u201d, indic\u00f3 el partido desde sus redes sociales.<\/p>\n<h6>Fuente: Noticias Argentinas<\/h6>\n","protected":false},"excerpt":{"rendered":"<p>La segunda vuelta era el objetivo del peronismo para disputarle la gobernaci\u00f3n al frente radical.<\/p>\n","protected":false},"author":2,"featured_media":158963,"comment_status":"closed","ping_status":"closed","sticky":false,"template":"","format":"standard","meta":{"footnotes":""},"categories":[4],"tags":[13],"class_list":["post-158962","post","type-post","status-publish","format-standard","has-post-thumbnail","hentry","category-informe-politico","tag-corrientes"],"_links":{"self":[{"href":"http:\/\/argentinamunicipal.com.ar\/argentina\/wp-json\/wp\/v2\/posts\/158962","targetHints":{"allow":["GET"]}}],"collection":[{"href":"http:\/\/argentinamunicipal.com.ar\/argentina\/wp-json\/wp\/v2\/posts"}],"about":[{"href":"http:\/\/argentinamunicipal.com.ar\/argentina\/wp-json\/wp\/v2\/types\/post"}],"author":[{"embeddable":true,"href":"http:\/\/argentinamunicipal.com.ar\/argentina\/wp-json\/wp\/v2\/users\/2"}],"replies":[{"embeddable":true,"href":"http:\/\/argentinamunicipal.com.ar\/argentina\/wp-json\/wp\/v2\/comments?post=158962"}],"version-history":[{"count":0,"href":"http:\/\/argentinamunicipal.com.ar\/argentina\/wp-json\/wp\/v2\/posts\/158962\/revisions"}],"wp:featuredmedia":[{"embeddable":true,"href":"http:\/\/argentinamunicipal.com.ar\/argentina\/wp-json\/wp\/v2\/media\/158963"}],"wp:attachment":[{"href":"http:\/\/argentinamunicipal.com.ar\/argentina\/wp-json\/wp\/v2\/media?parent=158962"}],"wp:term":[{"taxonomy":"category","embeddable":true,"href":"http:\/\/argentinamunicipal.com.ar\/argentina\/wp-json\/wp\/v2\/categories?post=158962"},{"taxonomy":"post_tag","embeddable":true,"href":"http:\/\/argentinamunicipal.com.ar\/argentina\/wp-json\/wp\/v2\/tags?post=158962"}],"curies":[{"name":"wp","href":"https:\/\/api.w.org\/{rel}","templated":true}]}}