{"id":158969,"date":"2025-09-01T06:13:19","date_gmt":"2025-09-01T09:13:19","guid":{"rendered":"http:\/\/argentinamunicipal.com.ar\/argentina\/?p=158969"},"modified":"2025-09-01T06:13:19","modified_gmt":"2025-09-01T09:13:19","slug":"trabajadores-vitivinicolas-saltenos-denuncian-despidos-masivos-en-grupo-penaflor","status":"publish","type":"post","link":"http:\/\/argentinamunicipal.com.ar\/argentina\/trabajadores-vitivinicolas-saltenos-denuncian-despidos-masivos-en-grupo-penaflor\/","title":{"rendered":"Trabajadores vitivin\u00edcolas salte\u00f1os denuncian despidos masivos en Grupo Pe\u00f1aflor"},"content":{"rendered":"<p>SOEVA report\u00f3 cesant\u00edas de empleados con hasta 15 a\u00f1os de antig\u00fcedad en Cafayate. La organizaci\u00f3n gremial convocar\u00e1 a asamblea y presentar\u00e1 denuncias ante el Ministerio de Trabajo.<\/p>\n<p>El Sindicato de Obreros y Empleados Vitivin\u00edcolas y Afines (SOEVA) denunci\u00f3 despidos masivos e injustificados en el Grupo Pe\u00f1aflor y anunci\u00f3 el inicio de acciones legales para defender a los trabajadores afectados. Samuel L\u00f3pez, secretario gremial de la organizaci\u00f3n, confirm\u00f3 que los ceses laborales incluyen empleados con antig\u00fcedad de entre 9 y 15 a\u00f1os, tanto contratados como permanentes.<\/p>\n<p>El dirigente sindical revel\u00f3 que entre los despedidos figura un subdelegado gremial, situaci\u00f3n que calific\u00f3 como persecuci\u00f3n laboral. L\u00f3pez responsabiliz\u00f3 directamente al Grupo Pe\u00f1aflor por los despidos y acus\u00f3 a la empresa de confabular para decidir qu\u00e9 trabajadores dejar sin empleo en las \u00e1reas de finca, fraccionamiento y bodega.<\/p>\n<p>Tras una reuni\u00f3n con representantes de Recursos Humanos y responsables de finca, L\u00f3pez expres\u00f3 su malestar: \u00abSentimos que se nos tom\u00f3 el pelo. Lamentamos la falta de di\u00e1logo por parte de la empresa. No vamos a permitir m\u00e1s despidos. Vamos a defender a los trabajadores y sus derechos\u00bb. El secretario gremial advirti\u00f3 que la relaci\u00f3n con la compa\u00f1\u00eda \u00abqued\u00f3 cortada\u00bb despu\u00e9s de lo ocurrido.<\/p>\n<p>Seg\u00fan inform\u00f3 el medio Un Nuevo D\u00eda, el SOEVA convocar\u00e1 a una asamblea informativa en la empresa y eval\u00faa realizar un paro de actividades. La pr\u00f3xima semana presentar\u00e1 denuncias formales ante el Ministerio de Trabajo de Salta para reclamar por la situaci\u00f3n de los trabajadores cesanteados.<\/p>\n<h6>Fuente: cuarto.com.ar<\/h6>\n","protected":false},"excerpt":{"rendered":"<p>SOEVA report\u00f3 cesant\u00edas de empleados con hasta 15 a\u00f1os de antig\u00fcedad en Cafayate. La organizaci\u00f3n gremial convocar\u00e1 a asamblea y presentar\u00e1 denuncias ante el Ministerio de Trabajo.<\/p>\n","protected":false},"author":2,"featured_media":158970,"comment_status":"closed","ping_status":"closed","sticky":false,"template":"","format":"standard","meta":{"footnotes":""},"categories":[65],"tags":[9],"class_list":["post-158969","post","type-post","status-publish","format-standard","has-post-thumbnail","hentry","category-provincias","tag-salta"],"_links":{"self":[{"href":"http:\/\/argentinamunicipal.com.ar\/argentina\/wp-json\/wp\/v2\/posts\/158969","targetHints":{"allow":["GET"]}}],"collection":[{"href":"http:\/\/argentinamunicipal.com.ar\/argentina\/wp-json\/wp\/v2\/posts"}],"about":[{"href":"http:\/\/argentinamunicipal.com.ar\/argentina\/wp-json\/wp\/v2\/types\/post"}],"author":[{"embeddable":true,"href":"http:\/\/argentinamunicipal.com.ar\/argentina\/wp-json\/wp\/v2\/users\/2"}],"replies":[{"embeddable":true,"href":"http:\/\/argentinamunicipal.com.ar\/argentina\/wp-json\/wp\/v2\/comments?post=158969"}],"version-history":[{"count":0,"href":"http:\/\/argentinamunicipal.com.ar\/argentina\/wp-json\/wp\/v2\/posts\/158969\/revisions"}],"wp:featuredmedia":[{"embeddable":true,"href":"http:\/\/argentinamunicipal.com.ar\/argentina\/wp-json\/wp\/v2\/media\/158970"}],"wp:attachment":[{"href":"http:\/\/argentinamunicipal.com.ar\/argentina\/wp-json\/wp\/v2\/media?parent=158969"}],"wp:term":[{"taxonomy":"category","embeddable":true,"href":"http:\/\/argentinamunicipal.com.ar\/argentina\/wp-json\/wp\/v2\/categories?post=158969"},{"taxonomy":"post_tag","embeddable":true,"href":"http:\/\/argentinamunicipal.com.ar\/argentina\/wp-json\/wp\/v2\/tags?post=158969"}],"curies":[{"name":"wp","href":"https:\/\/api.w.org\/{rel}","templated":true}]}}